{"id":10002,"date":"2026-03-16T12:38:54","date_gmt":"2026-03-16T12:38:54","guid":{"rendered":"https:\/\/blogs.florida.es\/floridauniversitariablog\/?p=10002"},"modified":"2026-04-27T13:45:38","modified_gmt":"2026-04-27T13:45:38","slug":"florida-cicles-formatius-celebra-el-v-fair-of-projects","status":"publish","type":"post","link":"https:\/\/blogs.florida.es\/floridauniversitariablog\/2026\/03\/florida-cicles-formatius-celebra-el-v-fair-of-projects\/","title":{"rendered":"Florida Cicles Formatius celebra el V Fair of Projects"},"content":{"rendered":"<p style=\"text-align: justify;\"><a href=\"https:\/\/www.floridaciclesformatius.es\/\">Florida Cicles Formatius<\/a> ha organizado la 5\u00aa edici\u00f3n de la <strong>Fair of Projects<\/strong>, una iniciativa que se ha consolidado ya como una cita anual clave para la presentaci\u00f3n de los proyectos empresariales desarrollados en el Proyecto Integrado.<\/p>\n<p style=\"text-align: justify;\">La jornada simula una aut\u00e9ntica \u201cferia de proyectos\u201d en la que ha podido exponer p\u00fablicamente las empresas creadas, utilizando el ingl\u00e9s como lengua vehicular. Este enfoque inmersivo sit\u00faa al alumnado en un entorno profesional realista, permiti\u00e9ndoles reforzar sus competencias comunicativas en lengua extranjera mientras destacan los aspectos estrat\u00e9gicos, innovadores y competitivos de sus propuestas.<\/p>\n<p style=\"text-align: justify;\">En esta edici\u00f3n, la feria ha dado un salto cualitativo con la presentaci\u00f3n de casi una veintena de proyectos, entre los que han destacado iniciativas basadas en negocio circulares y modelos empresariales que combinan la sostenibilidad con una visi\u00f3n global del mercado.<\/p>\n<p style=\"text-align: justify;\">Adem\u00e1s del alumnado de <a href=\"https:\/\/www.floridaciclesformatius.es\/titulacion\/administracion-y-finanzas\/\">Administraci\u00f3n y Finanzas<\/a>, han participado estudiantes de otros ciclos formativos como <a href=\"https:\/\/www.floridaciclesformatius.es\/titulacion\/gestion-de-ventas-y-espacios-comerciales\/\">Gesti\u00f3n de Ventas y Espacios Comerciales<\/a>, <a href=\"https:\/\/www.floridaciclesformatius.es\/titulacion\/transporte-y-logistica\/\">Transporte y Log\u00edstica<\/a> y otras titulaciones, lo que ha favorecido un enfoque multidisciplinar y un intercambio entre perfiles formativos complementarios.<\/p>\n<p style=\"text-align: justify;\">El p\u00fablico principal de la actividad ha sido nuevamente el alumnado de 1\u00ba del Ciclo Formativo de Grado Superior en Gesti\u00f3n de Ventas y Espacios Comerciales, quienes, tras recorrer los diferentes stands, elaborar\u00e1n un informe profesional con recomendaciones y mejoras orientadas a optimizar los procesos de presentaci\u00f3n de productos y servicios.<\/p>\n<p style=\"text-align: justify;\">La mejora de las competencias ling\u00fc\u00edsticas en ingl\u00e9s ha seguido siendo uno de los objetivos prioritarios de la jornada, reforzando as\u00ed la dimensi\u00f3n internacional del curr\u00edculo y la preparaci\u00f3n del alumnado para contextos empresariales pluriling\u00fces.<\/p>\n<p style=\"text-align: justify;\"><strong>Jos\u00e9 Lu\u00eds Peir\u00f3<\/strong>, director de Florida Cicles Formatius, ha felicitado al alumnado por la calidad de los proyectos presentados y ha destacado que \u201ctanto las propuestas como la forma de exponerlas reflejan plenamente una metodolog\u00eda comprometida, pr\u00e1ctica y orientada a dar respuesta a las necesidades reales del sector empresarial\u201d.<\/p>\n<div id='gallery-1' class='gallery galleryid-10002 gallery-columns-4 gallery-size-medium'><figure class='gallery-item'>\n\t\t\t<div class='gallery-icon portrait'>\n\t\t\t\t<a href='https:\/\/blogs.florida.es\/floridauniversitariablog\/2026\/03\/florida-cicles-formatius-celebra-el-v-fair-of-projects\/planos_projectfair-1\/'><img loading=\"lazy\" decoding=\"async\" width=\"169\" height=\"300\" src=\"https:\/\/blogs.florida.es\/floridauniversitariablog\/wp-content\/uploads\/sites\/19\/2026\/04\/Planos_ProjectFair-1-169x300.jpg\" class=\"attachment-medium size-medium\" alt=\"\" srcset=\"https:\/\/blogs.florida.es\/floridauniversitariablog\/wp-content\/uploads\/sites\/19\/2026\/04\/Planos_ProjectFair-1-169x300.jpg 169w, https:\/\/blogs.florida.es\/floridauniversitariablog\/wp-content\/uploads\/sites\/19\/2026\/04\/Planos_ProjectFair-1-576x1024.jpg 576w, https:\/\/blogs.florida.es\/floridauniversitariablog\/wp-content\/uploads\/sites\/19\/2026\/04\/Planos_ProjectFair-1-768x1365.jpg 768w, https:\/\/blogs.florida.es\/floridauniversitariablog\/wp-content\/uploads\/sites\/19\/2026\/04\/Planos_ProjectFair-1-864x1536.jpg 864w, https:\/\/blogs.florida.es\/floridauniversitariablog\/wp-content\/uploads\/sites\/19\/2026\/04\/Planos_ProjectFair-1-1152x2048.jpg 1152w, https:\/\/blogs.florida.es\/floridauniversitariablog\/wp-content\/uploads\/sites\/19\/2026\/04\/Planos_ProjectFair-1-scaled.jpg 1440w\" sizes=\"auto, (max-width: 169px) 100vw, 169px\" \/><\/a>\n\t\t\t<\/div><\/figure><figure class='gallery-item'>\n\t\t\t<div class='gallery-icon portrait'>\n\t\t\t\t<a href='https:\/\/blogs.florida.es\/floridauniversitariablog\/2026\/03\/florida-cicles-formatius-celebra-el-v-fair-of-projects\/planos_projectfair-3\/'><img loading=\"lazy\" decoding=\"async\" width=\"169\" height=\"300\" src=\"https:\/\/blogs.florida.es\/floridauniversitariablog\/wp-content\/uploads\/sites\/19\/2026\/04\/Planos_ProjectFair-3-169x300.jpg\" class=\"attachment-medium size-medium\" alt=\"\" srcset=\"https:\/\/blogs.florida.es\/floridauniversitariablog\/wp-content\/uploads\/sites\/19\/2026\/04\/Planos_ProjectFair-3-169x300.jpg 169w, https:\/\/blogs.florida.es\/floridauniversitariablog\/wp-content\/uploads\/sites\/19\/2026\/04\/Planos_ProjectFair-3-576x1024.jpg 576w, https:\/\/blogs.florida.es\/floridauniversitariablog\/wp-content\/uploads\/sites\/19\/2026\/04\/Planos_ProjectFair-3-768x1365.jpg 768w, https:\/\/blogs.florida.es\/floridauniversitariablog\/wp-content\/uploads\/sites\/19\/2026\/04\/Planos_ProjectFair-3-864x1536.jpg 864w, https:\/\/blogs.florida.es\/floridauniversitariablog\/wp-content\/uploads\/sites\/19\/2026\/04\/Planos_ProjectFair-3-1152x2048.jpg 1152w, https:\/\/blogs.florida.es\/floridauniversitariablog\/wp-content\/uploads\/sites\/19\/2026\/04\/Planos_ProjectFair-3-scaled.jpg 1440w\" sizes=\"auto, (max-width: 169px) 100vw, 169px\" \/><\/a>\n\t\t\t<\/div><\/figure><figure class='gallery-item'>\n\t\t\t<div class='gallery-icon portrait'>\n\t\t\t\t<a href='https:\/\/blogs.florida.es\/floridauniversitariablog\/2026\/03\/florida-cicles-formatius-celebra-el-v-fair-of-projects\/planos_projectfair-4\/'><img loading=\"lazy\" decoding=\"async\" width=\"169\" height=\"300\" src=\"https:\/\/blogs.florida.es\/floridauniversitariablog\/wp-content\/uploads\/sites\/19\/2026\/04\/Planos_ProjectFair-4-169x300.jpg\" class=\"attachment-medium size-medium\" alt=\"\" srcset=\"https:\/\/blogs.florida.es\/floridauniversitariablog\/wp-content\/uploads\/sites\/19\/2026\/04\/Planos_ProjectFair-4-169x300.jpg 169w, https:\/\/blogs.florida.es\/floridauniversitariablog\/wp-content\/uploads\/sites\/19\/2026\/04\/Planos_ProjectFair-4-576x1024.jpg 576w, https:\/\/blogs.florida.es\/floridauniversitariablog\/wp-content\/uploads\/sites\/19\/2026\/04\/Planos_ProjectFair-4-768x1365.jpg 768w, https:\/\/blogs.florida.es\/floridauniversitariablog\/wp-content\/uploads\/sites\/19\/2026\/04\/Planos_ProjectFair-4-864x1536.jpg 864w, https:\/\/blogs.florida.es\/floridauniversitariablog\/wp-content\/uploads\/sites\/19\/2026\/04\/Planos_ProjectFair-4-1152x2048.jpg 1152w, https:\/\/blogs.florida.es\/floridauniversitariablog\/wp-content\/uploads\/sites\/19\/2026\/04\/Planos_ProjectFair-4-scaled.jpg 1440w\" sizes=\"auto, (max-width: 169px) 100vw, 169px\" \/><\/a>\n\t\t\t<\/div><\/figure><figure class='gallery-item'>\n\t\t\t<div class='gallery-icon portrait'>\n\t\t\t\t<a href='https:\/\/blogs.florida.es\/floridauniversitariablog\/2026\/03\/florida-cicles-formatius-celebra-el-v-fair-of-projects\/planos_projectfair-2\/'><img loading=\"lazy\" decoding=\"async\" width=\"169\" height=\"300\" src=\"https:\/\/blogs.florida.es\/floridauniversitariablog\/wp-content\/uploads\/sites\/19\/2026\/04\/Planos_ProjectFair-2-169x300.jpg\" class=\"attachment-medium size-medium\" alt=\"\" srcset=\"https:\/\/blogs.florida.es\/floridauniversitariablog\/wp-content\/uploads\/sites\/19\/2026\/04\/Planos_ProjectFair-2-169x300.jpg 169w, https:\/\/blogs.florida.es\/floridauniversitariablog\/wp-content\/uploads\/sites\/19\/2026\/04\/Planos_ProjectFair-2-576x1024.jpg 576w, https:\/\/blogs.florida.es\/floridauniversitariablog\/wp-content\/uploads\/sites\/19\/2026\/04\/Planos_ProjectFair-2-768x1365.jpg 768w, https:\/\/blogs.florida.es\/floridauniversitariablog\/wp-content\/uploads\/sites\/19\/2026\/04\/Planos_ProjectFair-2-864x1536.jpg 864w, https:\/\/blogs.florida.es\/floridauniversitariablog\/wp-content\/uploads\/sites\/19\/2026\/04\/Planos_ProjectFair-2-1152x2048.jpg 1152w, https:\/\/blogs.florida.es\/floridauniversitariablog\/wp-content\/uploads\/sites\/19\/2026\/04\/Planos_ProjectFair-2-scaled.jpg 1440w\" sizes=\"auto, (max-width: 169px) 100vw, 169px\" \/><\/a>\n\t\t\t<\/div><\/figure>\n\t\t<\/div>\n\n","protected":false},"excerpt":{"rendered":"<p>Florida Cicles Formatius ha organizado la 5\u00aa edici\u00f3n de la Fair of Projects, una iniciativa que se ha consolidado ya como una cita anual clave para la presentaci\u00f3n de los proyectos empresariales desarrollados en el Proyecto Integrado. La jornada simula una aut\u00e9ntica \u201cferia de proyectos\u201d en la que ha podido exponer p\u00fablicamente las empresas creadas, [&hellip;]<\/p>\n","protected":false},"author":999,"featured_media":0,"comment_status":"closed","ping_status":"closed","sticky":false,"template":"","format":"standard","meta":{"jetpack_post_was_ever_published":false,"_jetpack_newsletter_access":"","_jetpack_dont_email_post_to_subs":false,"_jetpack_newsletter_tier_id":0,"_jetpack_memberships_contains_paywalled_content":false,"_jetpack_memberships_contains_paid_content":false,"footnotes":"","jetpack_publicize_message":"","jetpack_publicize_feature_enabled":true,"jetpack_social_post_already_shared":true,"jetpack_social_options":{"image_generator_settings":{"template":"highway","default_image_id":0,"font":"","enabled":false},"version":2}},"categories":[32,59,5],"tags":[],"class_list":["post-10002","post","type-post","status-publish","format-standard","hentry","category-afi","category-gestion-de-ventas-y-espacios-comerciales","category-negocios-logistica"],"yoast_head":"<!-- This site is optimized with the Yoast SEO plugin v21.6 - https:\/\/yoast.com\/wordpress\/plugins\/seo\/ -->\n<title>Florida Cicles Formatius celebra el V Fair of Projects - Experiencia Florida: Blog<\/title>\n<meta name=\"robots\" content=\"index, follow, max-snippet:-1, max-image-preview:large, max-video-preview:-1\" \/>\n<link rel=\"canonical\" href=\"https:\/\/blogs.florida.es\/floridauniversitariablog\/2026\/03\/florida-cicles-formatius-celebra-el-v-fair-of-projects\/\" \/>\n<meta property=\"og:locale\" content=\"es_ES\" \/>\n<meta property=\"og:type\" content=\"article\" \/>\n<meta property=\"og:title\" content=\"Florida Cicles Formatius celebra el V Fair of Projects - Experiencia Florida: Blog\" \/>\n<meta property=\"og:description\" content=\"Florida Cicles Formatius ha organizado la 5\u00aa edici\u00f3n de la Fair of Projects, una iniciativa que se ha consolidado ya como una cita anual clave para la presentaci\u00f3n de los proyectos empresariales desarrollados en el Proyecto Integrado. La jornada simula una aut\u00e9ntica \u201cferia de proyectos\u201d en la que ha podido exponer p\u00fablicamente las empresas creadas, [&hellip;]\" \/>\n<meta property=\"og:url\" content=\"https:\/\/blogs.florida.es\/floridauniversitariablog\/2026\/03\/florida-cicles-formatius-celebra-el-v-fair-of-projects\/\" \/>\n<meta property=\"og:site_name\" content=\"Experiencia Florida: Blog\" \/>\n<meta property=\"article:published_time\" content=\"2026-03-16T12:38:54+00:00\" \/>\n<meta property=\"article:modified_time\" content=\"2026-04-27T13:45:38+00:00\" \/>\n<meta property=\"og:image\" content=\"http:\/\/blogs.florida.es\/floridauniversitariablog\/wp-content\/uploads\/sites\/19\/2026\/04\/Planos_ProjectFair-1-169x300.jpg\" \/>\n<meta name=\"author\" content=\"anpastor@florida.local\" \/>\n<meta name=\"twitter:card\" content=\"summary_large_image\" \/>\n<meta name=\"twitter:label1\" content=\"Escrito por\" \/>\n\t<meta name=\"twitter:data1\" content=\"anpastor@florida.local\" \/>\n\t<meta name=\"twitter:label2\" content=\"Tiempo de lectura\" \/>\n\t<meta name=\"twitter:data2\" content=\"2 minutos\" \/>\n<script type=\"application\/ld+json\" class=\"yoast-schema-graph\">{\"@context\":\"https:\/\/schema.org\",\"@graph\":[{\"@type\":\"WebPage\",\"@id\":\"https:\/\/blogs.florida.es\/floridauniversitariablog\/2026\/03\/florida-cicles-formatius-celebra-el-v-fair-of-projects\/\",\"url\":\"https:\/\/blogs.florida.es\/floridauniversitariablog\/2026\/03\/florida-cicles-formatius-celebra-el-v-fair-of-projects\/\",\"name\":\"Florida Cicles Formatius celebra el V Fair of Projects - Experiencia Florida: Blog\",\"isPartOf\":{\"@id\":\"https:\/\/blogs.florida.es\/floridauniversitariablog\/#website\"},\"datePublished\":\"2026-03-16T12:38:54+00:00\",\"dateModified\":\"2026-04-27T13:45:38+00:00\",\"author\":{\"@id\":\"https:\/\/blogs.florida.es\/floridauniversitariablog\/#\/schema\/person\/a4da6c131298761ca6e7ff79e89720f5\"},\"breadcrumb\":{\"@id\":\"https:\/\/blogs.florida.es\/floridauniversitariablog\/2026\/03\/florida-cicles-formatius-celebra-el-v-fair-of-projects\/#breadcrumb\"},\"inLanguage\":\"es\",\"potentialAction\":[{\"@type\":\"ReadAction\",\"target\":[\"https:\/\/blogs.florida.es\/floridauniversitariablog\/2026\/03\/florida-cicles-formatius-celebra-el-v-fair-of-projects\/\"]}]},{\"@type\":\"BreadcrumbList\",\"@id\":\"https:\/\/blogs.florida.es\/floridauniversitariablog\/2026\/03\/florida-cicles-formatius-celebra-el-v-fair-of-projects\/#breadcrumb\",\"itemListElement\":[{\"@type\":\"ListItem\",\"position\":1,\"name\":\"Portada\",\"item\":\"https:\/\/blogs.florida.es\/floridauniversitariablog\/\"},{\"@type\":\"ListItem\",\"position\":2,\"name\":\"Florida Cicles Formatius celebra el V Fair of Projects\"}]},{\"@type\":\"WebSite\",\"@id\":\"https:\/\/blogs.florida.es\/floridauniversitariablog\/#website\",\"url\":\"https:\/\/blogs.florida.es\/floridauniversitariablog\/\",\"name\":\"Experiencia Florida: Blog\",\"description\":\"Experiencia Florida: Nuestro Blog\",\"potentialAction\":[{\"@type\":\"SearchAction\",\"target\":{\"@type\":\"EntryPoint\",\"urlTemplate\":\"https:\/\/blogs.florida.es\/floridauniversitariablog\/?s={search_term_string}\"},\"query-input\":\"required name=search_term_string\"}],\"inLanguage\":\"es\"},{\"@type\":\"Person\",\"@id\":\"https:\/\/blogs.florida.es\/floridauniversitariablog\/#\/schema\/person\/a4da6c131298761ca6e7ff79e89720f5\",\"name\":\"anpastor@florida.local\",\"image\":{\"@type\":\"ImageObject\",\"inLanguage\":\"es\",\"@id\":\"https:\/\/blogs.florida.es\/floridauniversitariablog\/#\/schema\/person\/image\/\",\"url\":\"https:\/\/secure.gravatar.com\/avatar\/bf95d9514b6acc7325ccbf5626531fb0231d20db8f22bc2f7045ca25a40f4bfb?s=96&d=mm&r=g\",\"contentUrl\":\"https:\/\/secure.gravatar.com\/avatar\/bf95d9514b6acc7325ccbf5626531fb0231d20db8f22bc2f7045ca25a40f4bfb?s=96&d=mm&r=g\",\"caption\":\"anpastor@florida.local\"},\"url\":\"https:\/\/blogs.florida.es\/floridauniversitariablog\/author\/anpastor\/\"}]}<\/script>\n<!-- \/ Yoast SEO plugin. -->","yoast_head_json":{"title":"Florida Cicles Formatius celebra el V Fair of Projects - Experiencia Florida: Blog","robots":{"index":"index","follow":"follow","max-snippet":"max-snippet:-1","max-image-preview":"max-image-preview:large","max-video-preview":"max-video-preview:-1"},"canonical":"https:\/\/blogs.florida.es\/floridauniversitariablog\/2026\/03\/florida-cicles-formatius-celebra-el-v-fair-of-projects\/","og_locale":"es_ES","og_type":"article","og_title":"Florida Cicles Formatius celebra el V Fair of Projects - Experiencia Florida: Blog","og_description":"Florida Cicles Formatius ha organizado la 5\u00aa edici\u00f3n de la Fair of Projects, una iniciativa que se ha consolidado ya como una cita anual clave para la presentaci\u00f3n de los proyectos empresariales desarrollados en el Proyecto Integrado. La jornada simula una aut\u00e9ntica \u201cferia de proyectos\u201d en la que ha podido exponer p\u00fablicamente las empresas creadas, [&hellip;]","og_url":"https:\/\/blogs.florida.es\/floridauniversitariablog\/2026\/03\/florida-cicles-formatius-celebra-el-v-fair-of-projects\/","og_site_name":"Experiencia Florida: Blog","article_published_time":"2026-03-16T12:38:54+00:00","article_modified_time":"2026-04-27T13:45:38+00:00","og_image":[{"url":"http:\/\/blogs.florida.es\/floridauniversitariablog\/wp-content\/uploads\/sites\/19\/2026\/04\/Planos_ProjectFair-1-169x300.jpg"}],"author":"anpastor@florida.local","twitter_card":"summary_large_image","twitter_misc":{"Escrito por":"anpastor@florida.local","Tiempo de lectura":"2 minutos"},"schema":{"@context":"https:\/\/schema.org","@graph":[{"@type":"WebPage","@id":"https:\/\/blogs.florida.es\/floridauniversitariablog\/2026\/03\/florida-cicles-formatius-celebra-el-v-fair-of-projects\/","url":"https:\/\/blogs.florida.es\/floridauniversitariablog\/2026\/03\/florida-cicles-formatius-celebra-el-v-fair-of-projects\/","name":"Florida Cicles Formatius celebra el V Fair of Projects - Experiencia Florida: Blog","isPartOf":{"@id":"https:\/\/blogs.florida.es\/floridauniversitariablog\/#website"},"datePublished":"2026-03-16T12:38:54+00:00","dateModified":"2026-04-27T13:45:38+00:00","author":{"@id":"https:\/\/blogs.florida.es\/floridauniversitariablog\/#\/schema\/person\/a4da6c131298761ca6e7ff79e89720f5"},"breadcrumb":{"@id":"https:\/\/blogs.florida.es\/floridauniversitariablog\/2026\/03\/florida-cicles-formatius-celebra-el-v-fair-of-projects\/#breadcrumb"},"inLanguage":"es","potentialAction":[{"@type":"ReadAction","target":["https:\/\/blogs.florida.es\/floridauniversitariablog\/2026\/03\/florida-cicles-formatius-celebra-el-v-fair-of-projects\/"]}]},{"@type":"BreadcrumbList","@id":"https:\/\/blogs.florida.es\/floridauniversitariablog\/2026\/03\/florida-cicles-formatius-celebra-el-v-fair-of-projects\/#breadcrumb","itemListElement":[{"@type":"ListItem","position":1,"name":"Portada","item":"https:\/\/blogs.florida.es\/floridauniversitariablog\/"},{"@type":"ListItem","position":2,"name":"Florida Cicles Formatius celebra el V Fair of Projects"}]},{"@type":"WebSite","@id":"https:\/\/blogs.florida.es\/floridauniversitariablog\/#website","url":"https:\/\/blogs.florida.es\/floridauniversitariablog\/","name":"Experiencia Florida: Blog","description":"Experiencia Florida: Nuestro Blog","potentialAction":[{"@type":"SearchAction","target":{"@type":"EntryPoint","urlTemplate":"https:\/\/blogs.florida.es\/floridauniversitariablog\/?s={search_term_string}"},"query-input":"required name=search_term_string"}],"inLanguage":"es"},{"@type":"Person","@id":"https:\/\/blogs.florida.es\/floridauniversitariablog\/#\/schema\/person\/a4da6c131298761ca6e7ff79e89720f5","name":"anpastor@florida.local","image":{"@type":"ImageObject","inLanguage":"es","@id":"https:\/\/blogs.florida.es\/floridauniversitariablog\/#\/schema\/person\/image\/","url":"https:\/\/secure.gravatar.com\/avatar\/bf95d9514b6acc7325ccbf5626531fb0231d20db8f22bc2f7045ca25a40f4bfb?s=96&d=mm&r=g","contentUrl":"https:\/\/secure.gravatar.com\/avatar\/bf95d9514b6acc7325ccbf5626531fb0231d20db8f22bc2f7045ca25a40f4bfb?s=96&d=mm&r=g","caption":"anpastor@florida.local"},"url":"https:\/\/blogs.florida.es\/floridauniversitariablog\/author\/anpastor\/"}]}},"jetpack_publicize_connections":[],"jetpack_featured_media_url":"","jetpack_sharing_enabled":true,"jetpack_shortlink":"https:\/\/wp.me\/pau61W-2Bk","post_mailing_queue_ids":[],"_links":{"self":[{"href":"https:\/\/blogs.florida.es\/floridauniversitariablog\/wp-json\/wp\/v2\/posts\/10002","targetHints":{"allow":["GET"]}}],"collection":[{"href":"https:\/\/blogs.florida.es\/floridauniversitariablog\/wp-json\/wp\/v2\/posts"}],"about":[{"href":"https:\/\/blogs.florida.es\/floridauniversitariablog\/wp-json\/wp\/v2\/types\/post"}],"author":[{"embeddable":true,"href":"https:\/\/blogs.florida.es\/floridauniversitariablog\/wp-json\/wp\/v2\/users\/999"}],"replies":[{"embeddable":true,"href":"https:\/\/blogs.florida.es\/floridauniversitariablog\/wp-json\/wp\/v2\/comments?post=10002"}],"version-history":[{"count":4,"href":"https:\/\/blogs.florida.es\/floridauniversitariablog\/wp-json\/wp\/v2\/posts\/10002\/revisions"}],"predecessor-version":[{"id":10010,"href":"https:\/\/blogs.florida.es\/floridauniversitariablog\/wp-json\/wp\/v2\/posts\/10002\/revisions\/10010"}],"wp:attachment":[{"href":"https:\/\/blogs.florida.es\/floridauniversitariablog\/wp-json\/wp\/v2\/media?parent=10002"}],"wp:term":[{"taxonomy":"category","embeddable":true,"href":"https:\/\/blogs.florida.es\/floridauniversitariablog\/wp-json\/wp\/v2\/categories?post=10002"},{"taxonomy":"post_tag","embeddable":true,"href":"https:\/\/blogs.florida.es\/floridauniversitariablog\/wp-json\/wp\/v2\/tags?post=10002"}],"curies":[{"name":"wp","href":"https:\/\/api.w.org\/{rel}","templated":true}]}}