{"id":1586,"date":"2020-05-06T10:13:20","date_gmt":"2020-05-06T10:13:20","guid":{"rendered":"http:\/\/blogs.florida.es\/floridauniversitariablog\/?p=1586"},"modified":"2020-06-04T10:17:13","modified_gmt":"2020-06-04T10:17:13","slug":"el-alumnado-de-florida-universitaria-sigue-con-sus-practicas-de-otra-manera","status":"publish","type":"post","link":"https:\/\/blogs.florida.es\/floridauniversitariablog\/2020\/05\/el-alumnado-de-florida-universitaria-sigue-con-sus-practicas-de-otra-manera\/","title":{"rendered":"El alumnado de Florida Universit\u00e0ria sigue con sus pr\u00e1cticas \u2018de otra manera\u2019"},"content":{"rendered":"<p style=\"text-align: justify\">El <strong>equipo de OIP<\/strong> (<a href=\"https:\/\/www.floridauniversitaria.es\/es-ES\/Servicios\/insercionyorientacionprofesional\/Paginas\/default.aspx?Perfil=Florida%20Universitaria&amp;Servicio=Orientaci%C3%B3n%20e%20Insercion%20Profesional\" target=\"_blank\" rel=\"noopener noreferrer\">Orientaci\u00f3n e Inserci\u00f3n Profesional<\/a>) mantiene un estrecho contacto con empresas y alumnado para la realizaci\u00f3n de las pr\u00e1cticas de grados y de ciclos.<\/p>\n<p><img loading=\"lazy\" decoding=\"async\" class=\"aligncenter size-full wp-image-1588\" src=\"https:\/\/blogs.florida.es\/floridauniversitariablog\/wp-content\/uploads\/sites\/19\/2020\/05\/banner-educaweb.jpg\" alt=\"\" width=\"760\" height=\"250\" srcset=\"https:\/\/blogs.florida.es\/floridauniversitariablog\/wp-content\/uploads\/sites\/19\/2020\/05\/banner-educaweb.jpg 760w, https:\/\/blogs.florida.es\/floridauniversitariablog\/wp-content\/uploads\/sites\/19\/2020\/05\/banner-educaweb-300x99.jpg 300w\" sizes=\"auto, (max-width: 760px) 100vw, 760px\" \/><\/p>\n<p style=\"text-align: justify\">El equipo de OIP (Orientaci\u00f3n e Inserci\u00f3n Profesional) mantiene un estrecho contacto con alumnado y con empresas para la consecuci\u00f3n de las pr\u00e1cticas, formativas tanto en grados como en ciclos, desde que se decret\u00f3 el Estado de Alarma a nivel nacional. \u201cDesde OIP tenemos todas las pr\u00e1cticas controladas y hablamos continuamente con el alumnado y las empresas para ver c\u00f3mo van. Las que han finalizado ya hemos iniciado los mecanismos de evaluaci\u00f3n\u201d, comenta <strong>Ana Company<\/strong>, responsable de OIP de <strong><a href=\"http:\/\/www.floridauniversitaria.es\" target=\"_blank\" rel=\"noopener noreferrer\">Florida Universit\u00e0ria<\/a><\/strong>.<\/p>\n<p style=\"text-align: justify\">El alumnado de Florida Universit\u00e0ria ya ten\u00edan todas las pr\u00e1cticas asignadas cuando se decret\u00f3 el Estado de Alarma, tanto para ciclos como para grados. Y tras el confinamiento, Florida Universit\u00e0ria program\u00f3, de manera inmediata, actividades formativas a distancia para el alumnado hasta que se levante la suspensi\u00f3n de la actividad presencial.<\/p>\n<p style=\"text-align: justify\">A priori, el departamento de OIP comunic\u00f3 a todas las empresas la suspensi\u00f3n de les pr\u00e1cticas y las que pudieron continuar en telepr\u00e1ctica\u2019 o \u2018teletrabajo\u2019 lo dijeron de inmediato.<\/p>\n<p style=\"text-align: justify\">Se paralizaron todas las que no pudieron realizarse de manera on line, tal y como acord\u00f3 la Conselleria de Educaci\u00f3n para los programas de FP Dual, para todo el alumnado de todos los ciclos formativos de Formaci\u00f3n Profesional B\u00e1sica (FPB), grado medio y grado superior de todas las familias profesionales, y grados universitarios.<\/p>\n<p style=\"text-align: justify\">El alumnado que ha podido continuar ha seguido mediante \u2018telepr\u00e1cticas\u2019 su formaci\u00f3n gracias a que el equipo de Florida Universit\u00e0ria se asegur\u00f3 de que la actividad no cesara. \u201cHemos actuado de mediadores entre las empresas y el alumnado para garantizar que el objetivo pedag\u00f3gico de las pr\u00e1cticas de nuestro alumnado se pueda llevar a cabo, siempre y cuando no represente ning\u00fan riesgo, o incluso puedan realizarlas de manera on line\u201d, explica Ana Company.<\/p>\n<p style=\"text-align: justify\">La mayor parte del alumnado de ADE, Educaci\u00f3n, Inform\u00e1tica, Videojuegos, Ingenier\u00eda T\u00e9cnica y M\u00e1rketing han podido continuar las pr\u00e1cticas con el sistema de \u2018telepr\u00e1cticas\u2019 y sin mayores problemas. \u201cMantenemos el contacto constante con las empresas para que, cuando pase la alerta sanitaria, el alumnado que no ha podido realizar sus pr\u00e1cticas lo inicie de inmediato. Tambi\u00e9n estamos atendiendo todas las dudas del alumnado al respecto\u201d, comenta la responsable de OIP de Florida Universit\u00e0ria.<\/p>\n<p style=\"text-align: justify\">El aplazamiento de las pr\u00e1cticas de FP y de grados se mantiene vigente hasta que finalice la suspensi\u00f3n temporal de la actividad educativa y formativa presencial como consecuencia de la situaci\u00f3n y evoluci\u00f3n de la pandemia mundial del coronavirus (Covid-19).<\/p>\n<p style=\"text-align: justify\">En Florida Universit\u00e0ria el \u00e1rea m\u00e1s afectada en las pr\u00e1cticas ha sido la de Turismo que sigue form\u00e1ndose on line y cuyo alumnado est\u00e1 en contacto con OIP para su inmediata incorporaci\u00f3n cuando llegue el momento.<\/p>\n","protected":false},"excerpt":{"rendered":"<p>El equipo de OIP (Orientaci\u00f3n e Inserci\u00f3n Profesional) mantiene un estrecho contacto con empresas y alumnado para la realizaci\u00f3n de las pr\u00e1cticas de grados y de ciclos. El equipo de OIP (Orientaci\u00f3n e Inserci\u00f3n Profesional) mantiene un estrecho contacto con alumnado y con empresas para la consecuci\u00f3n de las pr\u00e1cticas, formativas tanto en grados como [&hellip;]<\/p>\n","protected":false},"author":14,"featured_media":0,"comment_status":"open","ping_status":"open","sticky":false,"template":"","format":"standard","meta":{"jetpack_post_was_ever_published":false,"_jetpack_newsletter_access":"","_jetpack_dont_email_post_to_subs":false,"_jetpack_newsletter_tier_id":0,"_jetpack_memberships_contains_paywalled_content":false,"_jetpack_memberships_contains_paid_content":false,"footnotes":"","jetpack_publicize_message":"","jetpack_publicize_feature_enabled":true,"jetpack_social_post_already_shared":true,"jetpack_social_options":{"image_generator_settings":{"template":"highway","default_image_id":0,"font":"","enabled":false},"version":2}},"categories":[4,6,5,7,8],"tags":[],"class_list":["post-1586","post","type-post","status-publish","format-standard","hentry","category-educacion","category-ingenieria","category-negocios-logistica","category-tic","category-turismo"],"yoast_head":"<!-- This site is optimized with the Yoast SEO plugin v21.6 - https:\/\/yoast.com\/wordpress\/plugins\/seo\/ -->\n<title>El alumnado de Florida Universit\u00e0ria sigue con sus pr\u00e1cticas \u2018de otra manera\u2019 - Experiencia Florida: Blog<\/title>\n<meta name=\"robots\" content=\"index, follow, max-snippet:-1, max-image-preview:large, max-video-preview:-1\" \/>\n<link rel=\"canonical\" href=\"https:\/\/blogs.florida.es\/floridauniversitariablog\/2020\/05\/el-alumnado-de-florida-universitaria-sigue-con-sus-practicas-de-otra-manera\/\" \/>\n<meta property=\"og:locale\" content=\"es_ES\" \/>\n<meta property=\"og:type\" content=\"article\" \/>\n<meta property=\"og:title\" content=\"El alumnado de Florida Universit\u00e0ria sigue con sus pr\u00e1cticas \u2018de otra manera\u2019 - Experiencia Florida: Blog\" \/>\n<meta property=\"og:description\" content=\"El equipo de OIP (Orientaci\u00f3n e Inserci\u00f3n Profesional) mantiene un estrecho contacto con empresas y alumnado para la realizaci\u00f3n de las pr\u00e1cticas de grados y de ciclos. El equipo de OIP (Orientaci\u00f3n e Inserci\u00f3n Profesional) mantiene un estrecho contacto con alumnado y con empresas para la consecuci\u00f3n de las pr\u00e1cticas, formativas tanto en grados como [&hellip;]\" \/>\n<meta property=\"og:url\" content=\"https:\/\/blogs.florida.es\/floridauniversitariablog\/2020\/05\/el-alumnado-de-florida-universitaria-sigue-con-sus-practicas-de-otra-manera\/\" \/>\n<meta property=\"og:site_name\" content=\"Experiencia Florida: Blog\" \/>\n<meta property=\"article:published_time\" content=\"2020-05-06T10:13:20+00:00\" \/>\n<meta property=\"article:modified_time\" content=\"2020-06-04T10:17:13+00:00\" \/>\n<meta property=\"og:image\" content=\"https:\/\/blogs.florida.es\/floridauniversitariablog\/wp-content\/uploads\/sites\/19\/2020\/05\/banner-educaweb.jpg\" \/>\n<meta name=\"author\" content=\"mtmoreno@florida.local\" \/>\n<meta name=\"twitter:card\" content=\"summary_large_image\" \/>\n<meta name=\"twitter:label1\" content=\"Escrito por\" \/>\n\t<meta name=\"twitter:data1\" content=\"mtmoreno@florida.local\" \/>\n\t<meta name=\"twitter:label2\" content=\"Tiempo de lectura\" \/>\n\t<meta name=\"twitter:data2\" content=\"3 minutos\" \/>\n<script type=\"application\/ld+json\" class=\"yoast-schema-graph\">{\"@context\":\"https:\/\/schema.org\",\"@graph\":[{\"@type\":\"WebPage\",\"@id\":\"https:\/\/blogs.florida.es\/floridauniversitariablog\/2020\/05\/el-alumnado-de-florida-universitaria-sigue-con-sus-practicas-de-otra-manera\/\",\"url\":\"https:\/\/blogs.florida.es\/floridauniversitariablog\/2020\/05\/el-alumnado-de-florida-universitaria-sigue-con-sus-practicas-de-otra-manera\/\",\"name\":\"El alumnado de Florida Universit\u00e0ria sigue con sus pr\u00e1cticas \u2018de otra manera\u2019 - Experiencia Florida: Blog\",\"isPartOf\":{\"@id\":\"https:\/\/blogs.florida.es\/floridauniversitariablog\/#website\"},\"datePublished\":\"2020-05-06T10:13:20+00:00\",\"dateModified\":\"2020-06-04T10:17:13+00:00\",\"author\":{\"@id\":\"https:\/\/blogs.florida.es\/floridauniversitariablog\/#\/schema\/person\/b4f91174855694efbc637a78b3e74659\"},\"breadcrumb\":{\"@id\":\"https:\/\/blogs.florida.es\/floridauniversitariablog\/2020\/05\/el-alumnado-de-florida-universitaria-sigue-con-sus-practicas-de-otra-manera\/#breadcrumb\"},\"inLanguage\":\"es\",\"potentialAction\":[{\"@type\":\"ReadAction\",\"target\":[\"https:\/\/blogs.florida.es\/floridauniversitariablog\/2020\/05\/el-alumnado-de-florida-universitaria-sigue-con-sus-practicas-de-otra-manera\/\"]}]},{\"@type\":\"BreadcrumbList\",\"@id\":\"https:\/\/blogs.florida.es\/floridauniversitariablog\/2020\/05\/el-alumnado-de-florida-universitaria-sigue-con-sus-practicas-de-otra-manera\/#breadcrumb\",\"itemListElement\":[{\"@type\":\"ListItem\",\"position\":1,\"name\":\"Portada\",\"item\":\"https:\/\/blogs.florida.es\/floridauniversitariablog\/\"},{\"@type\":\"ListItem\",\"position\":2,\"name\":\"El alumnado de Florida Universit\u00e0ria sigue con sus pr\u00e1cticas \u2018de otra manera\u2019\"}]},{\"@type\":\"WebSite\",\"@id\":\"https:\/\/blogs.florida.es\/floridauniversitariablog\/#website\",\"url\":\"https:\/\/blogs.florida.es\/floridauniversitariablog\/\",\"name\":\"Experiencia Florida: Blog\",\"description\":\"Experiencia Florida: Nuestro Blog\",\"potentialAction\":[{\"@type\":\"SearchAction\",\"target\":{\"@type\":\"EntryPoint\",\"urlTemplate\":\"https:\/\/blogs.florida.es\/floridauniversitariablog\/?s={search_term_string}\"},\"query-input\":\"required name=search_term_string\"}],\"inLanguage\":\"es\"},{\"@type\":\"Person\",\"@id\":\"https:\/\/blogs.florida.es\/floridauniversitariablog\/#\/schema\/person\/b4f91174855694efbc637a78b3e74659\",\"name\":\"mtmoreno@florida.local\",\"image\":{\"@type\":\"ImageObject\",\"inLanguage\":\"es\",\"@id\":\"https:\/\/blogs.florida.es\/floridauniversitariablog\/#\/schema\/person\/image\/\",\"url\":\"https:\/\/secure.gravatar.com\/avatar\/a292bf8f12a0bebd3ea5e24da579596fc0c0ed61528558850239ad4607f07411?s=96&d=mm&r=g\",\"contentUrl\":\"https:\/\/secure.gravatar.com\/avatar\/a292bf8f12a0bebd3ea5e24da579596fc0c0ed61528558850239ad4607f07411?s=96&d=mm&r=g\",\"caption\":\"mtmoreno@florida.local\"},\"url\":\"https:\/\/blogs.florida.es\/floridauniversitariablog\/author\/mtmoreno\/\"}]}<\/script>\n<!-- \/ Yoast SEO plugin. -->","yoast_head_json":{"title":"El alumnado de Florida Universit\u00e0ria sigue con sus pr\u00e1cticas \u2018de otra manera\u2019 - Experiencia Florida: Blog","robots":{"index":"index","follow":"follow","max-snippet":"max-snippet:-1","max-image-preview":"max-image-preview:large","max-video-preview":"max-video-preview:-1"},"canonical":"https:\/\/blogs.florida.es\/floridauniversitariablog\/2020\/05\/el-alumnado-de-florida-universitaria-sigue-con-sus-practicas-de-otra-manera\/","og_locale":"es_ES","og_type":"article","og_title":"El alumnado de Florida Universit\u00e0ria sigue con sus pr\u00e1cticas \u2018de otra manera\u2019 - Experiencia Florida: Blog","og_description":"El equipo de OIP (Orientaci\u00f3n e Inserci\u00f3n Profesional) mantiene un estrecho contacto con empresas y alumnado para la realizaci\u00f3n de las pr\u00e1cticas de grados y de ciclos. El equipo de OIP (Orientaci\u00f3n e Inserci\u00f3n Profesional) mantiene un estrecho contacto con alumnado y con empresas para la consecuci\u00f3n de las pr\u00e1cticas, formativas tanto en grados como [&hellip;]","og_url":"https:\/\/blogs.florida.es\/floridauniversitariablog\/2020\/05\/el-alumnado-de-florida-universitaria-sigue-con-sus-practicas-de-otra-manera\/","og_site_name":"Experiencia Florida: Blog","article_published_time":"2020-05-06T10:13:20+00:00","article_modified_time":"2020-06-04T10:17:13+00:00","og_image":[{"url":"https:\/\/blogs.florida.es\/floridauniversitariablog\/wp-content\/uploads\/sites\/19\/2020\/05\/banner-educaweb.jpg"}],"author":"mtmoreno@florida.local","twitter_card":"summary_large_image","twitter_misc":{"Escrito por":"mtmoreno@florida.local","Tiempo de lectura":"3 minutos"},"schema":{"@context":"https:\/\/schema.org","@graph":[{"@type":"WebPage","@id":"https:\/\/blogs.florida.es\/floridauniversitariablog\/2020\/05\/el-alumnado-de-florida-universitaria-sigue-con-sus-practicas-de-otra-manera\/","url":"https:\/\/blogs.florida.es\/floridauniversitariablog\/2020\/05\/el-alumnado-de-florida-universitaria-sigue-con-sus-practicas-de-otra-manera\/","name":"El alumnado de Florida Universit\u00e0ria sigue con sus pr\u00e1cticas \u2018de otra manera\u2019 - Experiencia Florida: Blog","isPartOf":{"@id":"https:\/\/blogs.florida.es\/floridauniversitariablog\/#website"},"datePublished":"2020-05-06T10:13:20+00:00","dateModified":"2020-06-04T10:17:13+00:00","author":{"@id":"https:\/\/blogs.florida.es\/floridauniversitariablog\/#\/schema\/person\/b4f91174855694efbc637a78b3e74659"},"breadcrumb":{"@id":"https:\/\/blogs.florida.es\/floridauniversitariablog\/2020\/05\/el-alumnado-de-florida-universitaria-sigue-con-sus-practicas-de-otra-manera\/#breadcrumb"},"inLanguage":"es","potentialAction":[{"@type":"ReadAction","target":["https:\/\/blogs.florida.es\/floridauniversitariablog\/2020\/05\/el-alumnado-de-florida-universitaria-sigue-con-sus-practicas-de-otra-manera\/"]}]},{"@type":"BreadcrumbList","@id":"https:\/\/blogs.florida.es\/floridauniversitariablog\/2020\/05\/el-alumnado-de-florida-universitaria-sigue-con-sus-practicas-de-otra-manera\/#breadcrumb","itemListElement":[{"@type":"ListItem","position":1,"name":"Portada","item":"https:\/\/blogs.florida.es\/floridauniversitariablog\/"},{"@type":"ListItem","position":2,"name":"El alumnado de Florida Universit\u00e0ria sigue con sus pr\u00e1cticas \u2018de otra manera\u2019"}]},{"@type":"WebSite","@id":"https:\/\/blogs.florida.es\/floridauniversitariablog\/#website","url":"https:\/\/blogs.florida.es\/floridauniversitariablog\/","name":"Experiencia Florida: Blog","description":"Experiencia Florida: Nuestro Blog","potentialAction":[{"@type":"SearchAction","target":{"@type":"EntryPoint","urlTemplate":"https:\/\/blogs.florida.es\/floridauniversitariablog\/?s={search_term_string}"},"query-input":"required name=search_term_string"}],"inLanguage":"es"},{"@type":"Person","@id":"https:\/\/blogs.florida.es\/floridauniversitariablog\/#\/schema\/person\/b4f91174855694efbc637a78b3e74659","name":"mtmoreno@florida.local","image":{"@type":"ImageObject","inLanguage":"es","@id":"https:\/\/blogs.florida.es\/floridauniversitariablog\/#\/schema\/person\/image\/","url":"https:\/\/secure.gravatar.com\/avatar\/a292bf8f12a0bebd3ea5e24da579596fc0c0ed61528558850239ad4607f07411?s=96&d=mm&r=g","contentUrl":"https:\/\/secure.gravatar.com\/avatar\/a292bf8f12a0bebd3ea5e24da579596fc0c0ed61528558850239ad4607f07411?s=96&d=mm&r=g","caption":"mtmoreno@florida.local"},"url":"https:\/\/blogs.florida.es\/floridauniversitariablog\/author\/mtmoreno\/"}]}},"jetpack_publicize_connections":[],"jetpack_featured_media_url":"","jetpack_sharing_enabled":true,"jetpack_shortlink":"https:\/\/wp.me\/pau61W-pA","post_mailing_queue_ids":[],"_links":{"self":[{"href":"https:\/\/blogs.florida.es\/floridauniversitariablog\/wp-json\/wp\/v2\/posts\/1586","targetHints":{"allow":["GET"]}}],"collection":[{"href":"https:\/\/blogs.florida.es\/floridauniversitariablog\/wp-json\/wp\/v2\/posts"}],"about":[{"href":"https:\/\/blogs.florida.es\/floridauniversitariablog\/wp-json\/wp\/v2\/types\/post"}],"author":[{"embeddable":true,"href":"https:\/\/blogs.florida.es\/floridauniversitariablog\/wp-json\/wp\/v2\/users\/14"}],"replies":[{"embeddable":true,"href":"https:\/\/blogs.florida.es\/floridauniversitariablog\/wp-json\/wp\/v2\/comments?post=1586"}],"version-history":[{"count":3,"href":"https:\/\/blogs.florida.es\/floridauniversitariablog\/wp-json\/wp\/v2\/posts\/1586\/revisions"}],"predecessor-version":[{"id":1590,"href":"https:\/\/blogs.florida.es\/floridauniversitariablog\/wp-json\/wp\/v2\/posts\/1586\/revisions\/1590"}],"wp:attachment":[{"href":"https:\/\/blogs.florida.es\/floridauniversitariablog\/wp-json\/wp\/v2\/media?parent=1586"}],"wp:term":[{"taxonomy":"category","embeddable":true,"href":"https:\/\/blogs.florida.es\/floridauniversitariablog\/wp-json\/wp\/v2\/categories?post=1586"},{"taxonomy":"post_tag","embeddable":true,"href":"https:\/\/blogs.florida.es\/floridauniversitariablog\/wp-json\/wp\/v2\/tags?post=1586"}],"curies":[{"name":"wp","href":"https:\/\/api.w.org\/{rel}","templated":true}]}}