{"id":1891,"date":"2016-01-12T12:28:59","date_gmt":"2016-01-12T11:28:59","guid":{"rendered":"https:\/\/floridauniversitariaeducacion.wordpress.com\/?p=1891"},"modified":"2016-01-12T12:28:59","modified_gmt":"2016-01-12T11:28:59","slug":"diversitat-despais-daprenentatge-i-geografies-literaries","status":"publish","type":"post","link":"https:\/\/blogs.florida.es\/floridauniversitariablog\/2016\/01\/diversitat-despais-daprenentatge-i-geografies-literaries\/","title":{"rendered":"Diversitat d&#039;espais d&#039;aprenentatge i Geografies liter\u00e0ries"},"content":{"rendered":"<p style=\"text-align:justify\">L&#8217;alumnat de 4t curs dels graus d&#8217;Educaci\u00f3 Prim\u00e0ria i Educaci\u00f3 Infantil ha sigut protagonista d&#8217;una <strong>ruta did\u00e0ctica pel centre hist\u00f2ric de la ciutat de Val\u00e8ncia<\/strong> abans de Nadal, amb l&#8217;objectiu d&#8217;experimentar i aprofitar\u00a0la <strong>diversitat dels espais d&#8217;aprenentatge i la vinculaci\u00f3 entre el context historicosocial i el nostre patrimoni cultural i literari<\/strong>. La ruta consistia en una s\u00e8rie de visites a edificis i indrets emblem\u00e0tics de la ciutat, com ara les Torres de Quart, la Llojta de la seda, la Catedral o l&#8217;Estaci\u00f3 del Nord, entre altres; on l&#8217;alumnat posava en escena una de les activitats programades per equips, pensades d&#8217;acord amb un\u00a0<strong>marc formatiu competencial i de preparaci\u00f3 professional<\/strong>.<\/p>\n<p style=\"text-align:justify\">Aquesta experi\u00e8ncia d&#8217;aprenentatge, que des de fa dos cursos organitzem\u00a0des de les assignatures de <strong>Planificaci\u00f3 de la llengua i la literatura<\/strong> i <strong>Did\u00e0ctica de les Ci\u00e8ncies Socials<\/strong>, ha estat presentada en el <a href=\"http:\/\/web.ua.es\/es\/sedll\/xvi-congreso-internacional-de-la-sedll.html\">XVI Congr\u00e9s Internacional de la Societat Espanyola de Did\u00e0ctica de la Llengua i la Literatura<\/a>, celebrat el passat mes de desembre a la Universitat d&#8217;Alacant.<\/p>\n<p style=\"text-align:justify\">Com a resultat d&#8217;aquesta participaci\u00f3, Florida Universit\u00e0ria ha presentat tamb\u00e9 aquesta ruta did\u00e0ctica\u00a0en el \u00abI Seminari d&#8217;intercanvi d&#8217;experi\u00e8ncies educatives sobre geografies liter\u00e0ries\u00bb, celebrat el passat 8 de gener a Val\u00e8ncia; i ha sigut convidada a formar part de la <a href=\"http:\/\/geografiesliteraries.com\/\">Xarxa Interuniversit\u00e0ria d&#8217;innovaci\u00f3 Geografies Liter\u00e0ries 3.0<\/a>, la qual arreplega docents de diferents universitats i centres educatius que han realitzat i tenen actualment en marxa experi\u00e8ncies d&#8217;aprenentatge que vinculen l&#8217;entorn geogr\u00e0fic i social amb l&#8217;educaci\u00f3 liter\u00e0ria.<\/p>\n<p><br \/>\n&nbsp;<br \/>\n<strong>M\u00e9s informaci\u00f3<\/strong>: Francesc Rodrigo (<a href=\"mailto:frodrigo@florida-uni.es\">frodrigo@florida-uni.es<\/a>), Elvira Asensi (<a href=\"mailto:easensi@florida-uni.es\">easensi@florida-uni.es<\/a>), Jeroni M\u00e9ndez (<a href=\"mailto:jmendez@florida-uni.es\">jmendez@florida-uni.es<\/a>).<br \/>\n&nbsp;<br \/>\n&nbsp;<\/p>\n","protected":false},"excerpt":{"rendered":"<p>L&#8217;alumnat de 4t curs dels graus d&#8217;Educaci\u00f3 Prim\u00e0ria i Educaci\u00f3 Infantil ha sigut protagonista d&#8217;una ruta did\u00e0ctica pel centre hist\u00f2ric de la ciutat de Val\u00e8ncia abans de Nadal, amb l&#8217;objectiu d&#8217;experimentar i aprofitar\u00a0la diversitat dels espais d&#8217;aprenentatge i la vinculaci\u00f3 entre el context historicosocial i el nostre patrimoni cultural i literari. La ruta consistia en [&hellip;]<\/p>\n","protected":false},"author":14,"featured_media":0,"comment_status":"open","ping_status":"open","sticky":false,"template":"","format":"standard","meta":{"jetpack_post_was_ever_published":false,"_jetpack_newsletter_access":"","_jetpack_dont_email_post_to_subs":false,"_jetpack_newsletter_tier_id":0,"_jetpack_memberships_contains_paywalled_content":false,"_jetpack_memberships_contains_paid_content":false,"footnotes":"","jetpack_publicize_message":"","jetpack_publicize_feature_enabled":true,"jetpack_social_post_already_shared":true,"jetpack_social_options":{"image_generator_settings":{"template":"highway","default_image_id":0,"font":"","enabled":false},"version":2}},"categories":[4],"tags":[254,249,321,422,306,423,424],"class_list":["post-1891","post","type-post","status-publish","format-standard","hentry","category-educacion","tag-aprenentatge-per-experiencies","tag-aprenentatge-significatiu","tag-didactica-de-les-ciencies-socials","tag-diversitat-despais","tag-educacio-literaria","tag-geografies-literaries","tag-rutes-literaries"],"yoast_head":"<!-- This site is optimized with the Yoast SEO plugin v21.6 - https:\/\/yoast.com\/wordpress\/plugins\/seo\/ -->\n<title>Diversitat d&#039;espais d&#039;aprenentatge i Geografies liter\u00e0ries - Experiencia Florida: Blog<\/title>\n<meta name=\"robots\" content=\"index, follow, max-snippet:-1, max-image-preview:large, max-video-preview:-1\" \/>\n<link rel=\"canonical\" href=\"http:\/\/blogs.florida.es\/floridauniversitariablog\/2016\/01\/diversitat-despais-daprenentatge-i-geografies-literaries\/\" \/>\n<meta property=\"og:locale\" content=\"es_ES\" \/>\n<meta property=\"og:type\" content=\"article\" \/>\n<meta property=\"og:title\" content=\"Diversitat d&#039;espais d&#039;aprenentatge i Geografies liter\u00e0ries - Experiencia Florida: Blog\" \/>\n<meta property=\"og:description\" content=\"L&#8217;alumnat de 4t curs dels graus d&#8217;Educaci\u00f3 Prim\u00e0ria i Educaci\u00f3 Infantil ha sigut protagonista d&#8217;una ruta did\u00e0ctica pel centre hist\u00f2ric de la ciutat de Val\u00e8ncia abans de Nadal, amb l&#8217;objectiu d&#8217;experimentar i aprofitar\u00a0la diversitat dels espais d&#8217;aprenentatge i la vinculaci\u00f3 entre el context historicosocial i el nostre patrimoni cultural i literari. La ruta consistia en [&hellip;]\" \/>\n<meta property=\"og:url\" content=\"http:\/\/blogs.florida.es\/floridauniversitariablog\/2016\/01\/diversitat-despais-daprenentatge-i-geografies-literaries\/\" \/>\n<meta property=\"og:site_name\" content=\"Experiencia Florida: Blog\" \/>\n<meta property=\"article:published_time\" content=\"2016-01-12T11:28:59+00:00\" \/>\n<meta name=\"author\" content=\"mtmoreno@florida.local\" \/>\n<meta name=\"twitter:card\" content=\"summary_large_image\" \/>\n<meta name=\"twitter:label1\" content=\"Escrito por\" \/>\n\t<meta name=\"twitter:data1\" content=\"mtmoreno@florida.local\" \/>\n\t<meta name=\"twitter:label2\" content=\"Tiempo de lectura\" \/>\n\t<meta name=\"twitter:data2\" content=\"1 minuto\" \/>\n<script type=\"application\/ld+json\" class=\"yoast-schema-graph\">{\"@context\":\"https:\/\/schema.org\",\"@graph\":[{\"@type\":\"WebPage\",\"@id\":\"http:\/\/blogs.florida.es\/floridauniversitariablog\/2016\/01\/diversitat-despais-daprenentatge-i-geografies-literaries\/\",\"url\":\"http:\/\/blogs.florida.es\/floridauniversitariablog\/2016\/01\/diversitat-despais-daprenentatge-i-geografies-literaries\/\",\"name\":\"Diversitat d&#039;espais d&#039;aprenentatge i Geografies liter\u00e0ries - Experiencia Florida: Blog\",\"isPartOf\":{\"@id\":\"https:\/\/blogs.florida.es\/floridauniversitariablog\/#website\"},\"datePublished\":\"2016-01-12T11:28:59+00:00\",\"dateModified\":\"2016-01-12T11:28:59+00:00\",\"author\":{\"@id\":\"https:\/\/blogs.florida.es\/floridauniversitariablog\/#\/schema\/person\/b4f91174855694efbc637a78b3e74659\"},\"breadcrumb\":{\"@id\":\"http:\/\/blogs.florida.es\/floridauniversitariablog\/2016\/01\/diversitat-despais-daprenentatge-i-geografies-literaries\/#breadcrumb\"},\"inLanguage\":\"es\",\"potentialAction\":[{\"@type\":\"ReadAction\",\"target\":[\"http:\/\/blogs.florida.es\/floridauniversitariablog\/2016\/01\/diversitat-despais-daprenentatge-i-geografies-literaries\/\"]}]},{\"@type\":\"BreadcrumbList\",\"@id\":\"http:\/\/blogs.florida.es\/floridauniversitariablog\/2016\/01\/diversitat-despais-daprenentatge-i-geografies-literaries\/#breadcrumb\",\"itemListElement\":[{\"@type\":\"ListItem\",\"position\":1,\"name\":\"Portada\",\"item\":\"https:\/\/blogs.florida.es\/floridauniversitariablog\/\"},{\"@type\":\"ListItem\",\"position\":2,\"name\":\"Diversitat d&#039;espais d&#039;aprenentatge i Geografies liter\u00e0ries\"}]},{\"@type\":\"WebSite\",\"@id\":\"https:\/\/blogs.florida.es\/floridauniversitariablog\/#website\",\"url\":\"https:\/\/blogs.florida.es\/floridauniversitariablog\/\",\"name\":\"Experiencia Florida: Blog\",\"description\":\"Experiencia Florida: Nuestro Blog\",\"potentialAction\":[{\"@type\":\"SearchAction\",\"target\":{\"@type\":\"EntryPoint\",\"urlTemplate\":\"https:\/\/blogs.florida.es\/floridauniversitariablog\/?s={search_term_string}\"},\"query-input\":\"required name=search_term_string\"}],\"inLanguage\":\"es\"},{\"@type\":\"Person\",\"@id\":\"https:\/\/blogs.florida.es\/floridauniversitariablog\/#\/schema\/person\/b4f91174855694efbc637a78b3e74659\",\"name\":\"mtmoreno@florida.local\",\"image\":{\"@type\":\"ImageObject\",\"inLanguage\":\"es\",\"@id\":\"https:\/\/blogs.florida.es\/floridauniversitariablog\/#\/schema\/person\/image\/\",\"url\":\"https:\/\/secure.gravatar.com\/avatar\/a292bf8f12a0bebd3ea5e24da579596fc0c0ed61528558850239ad4607f07411?s=96&d=mm&r=g\",\"contentUrl\":\"https:\/\/secure.gravatar.com\/avatar\/a292bf8f12a0bebd3ea5e24da579596fc0c0ed61528558850239ad4607f07411?s=96&d=mm&r=g\",\"caption\":\"mtmoreno@florida.local\"},\"url\":\"https:\/\/blogs.florida.es\/floridauniversitariablog\/author\/mtmoreno\/\"}]}<\/script>\n<!-- \/ Yoast SEO plugin. -->","yoast_head_json":{"title":"Diversitat d&#039;espais d&#039;aprenentatge i Geografies liter\u00e0ries - Experiencia Florida: Blog","robots":{"index":"index","follow":"follow","max-snippet":"max-snippet:-1","max-image-preview":"max-image-preview:large","max-video-preview":"max-video-preview:-1"},"canonical":"http:\/\/blogs.florida.es\/floridauniversitariablog\/2016\/01\/diversitat-despais-daprenentatge-i-geografies-literaries\/","og_locale":"es_ES","og_type":"article","og_title":"Diversitat d&#039;espais d&#039;aprenentatge i Geografies liter\u00e0ries - Experiencia Florida: Blog","og_description":"L&#8217;alumnat de 4t curs dels graus d&#8217;Educaci\u00f3 Prim\u00e0ria i Educaci\u00f3 Infantil ha sigut protagonista d&#8217;una ruta did\u00e0ctica pel centre hist\u00f2ric de la ciutat de Val\u00e8ncia abans de Nadal, amb l&#8217;objectiu d&#8217;experimentar i aprofitar\u00a0la diversitat dels espais d&#8217;aprenentatge i la vinculaci\u00f3 entre el context historicosocial i el nostre patrimoni cultural i literari. La ruta consistia en [&hellip;]","og_url":"http:\/\/blogs.florida.es\/floridauniversitariablog\/2016\/01\/diversitat-despais-daprenentatge-i-geografies-literaries\/","og_site_name":"Experiencia Florida: Blog","article_published_time":"2016-01-12T11:28:59+00:00","author":"mtmoreno@florida.local","twitter_card":"summary_large_image","twitter_misc":{"Escrito por":"mtmoreno@florida.local","Tiempo de lectura":"1 minuto"},"schema":{"@context":"https:\/\/schema.org","@graph":[{"@type":"WebPage","@id":"http:\/\/blogs.florida.es\/floridauniversitariablog\/2016\/01\/diversitat-despais-daprenentatge-i-geografies-literaries\/","url":"http:\/\/blogs.florida.es\/floridauniversitariablog\/2016\/01\/diversitat-despais-daprenentatge-i-geografies-literaries\/","name":"Diversitat d&#039;espais d&#039;aprenentatge i Geografies liter\u00e0ries - Experiencia Florida: Blog","isPartOf":{"@id":"https:\/\/blogs.florida.es\/floridauniversitariablog\/#website"},"datePublished":"2016-01-12T11:28:59+00:00","dateModified":"2016-01-12T11:28:59+00:00","author":{"@id":"https:\/\/blogs.florida.es\/floridauniversitariablog\/#\/schema\/person\/b4f91174855694efbc637a78b3e74659"},"breadcrumb":{"@id":"http:\/\/blogs.florida.es\/floridauniversitariablog\/2016\/01\/diversitat-despais-daprenentatge-i-geografies-literaries\/#breadcrumb"},"inLanguage":"es","potentialAction":[{"@type":"ReadAction","target":["http:\/\/blogs.florida.es\/floridauniversitariablog\/2016\/01\/diversitat-despais-daprenentatge-i-geografies-literaries\/"]}]},{"@type":"BreadcrumbList","@id":"http:\/\/blogs.florida.es\/floridauniversitariablog\/2016\/01\/diversitat-despais-daprenentatge-i-geografies-literaries\/#breadcrumb","itemListElement":[{"@type":"ListItem","position":1,"name":"Portada","item":"https:\/\/blogs.florida.es\/floridauniversitariablog\/"},{"@type":"ListItem","position":2,"name":"Diversitat d&#039;espais d&#039;aprenentatge i Geografies liter\u00e0ries"}]},{"@type":"WebSite","@id":"https:\/\/blogs.florida.es\/floridauniversitariablog\/#website","url":"https:\/\/blogs.florida.es\/floridauniversitariablog\/","name":"Experiencia Florida: Blog","description":"Experiencia Florida: Nuestro Blog","potentialAction":[{"@type":"SearchAction","target":{"@type":"EntryPoint","urlTemplate":"https:\/\/blogs.florida.es\/floridauniversitariablog\/?s={search_term_string}"},"query-input":"required name=search_term_string"}],"inLanguage":"es"},{"@type":"Person","@id":"https:\/\/blogs.florida.es\/floridauniversitariablog\/#\/schema\/person\/b4f91174855694efbc637a78b3e74659","name":"mtmoreno@florida.local","image":{"@type":"ImageObject","inLanguage":"es","@id":"https:\/\/blogs.florida.es\/floridauniversitariablog\/#\/schema\/person\/image\/","url":"https:\/\/secure.gravatar.com\/avatar\/a292bf8f12a0bebd3ea5e24da579596fc0c0ed61528558850239ad4607f07411?s=96&d=mm&r=g","contentUrl":"https:\/\/secure.gravatar.com\/avatar\/a292bf8f12a0bebd3ea5e24da579596fc0c0ed61528558850239ad4607f07411?s=96&d=mm&r=g","caption":"mtmoreno@florida.local"},"url":"https:\/\/blogs.florida.es\/floridauniversitariablog\/author\/mtmoreno\/"}]}},"jetpack_publicize_connections":[],"jetpack_featured_media_url":"","jetpack_sharing_enabled":true,"jetpack_shortlink":"https:\/\/wp.me\/pau61W-uv","post_mailing_queue_ids":[],"_links":{"self":[{"href":"https:\/\/blogs.florida.es\/floridauniversitariablog\/wp-json\/wp\/v2\/posts\/1891","targetHints":{"allow":["GET"]}}],"collection":[{"href":"https:\/\/blogs.florida.es\/floridauniversitariablog\/wp-json\/wp\/v2\/posts"}],"about":[{"href":"https:\/\/blogs.florida.es\/floridauniversitariablog\/wp-json\/wp\/v2\/types\/post"}],"author":[{"embeddable":true,"href":"https:\/\/blogs.florida.es\/floridauniversitariablog\/wp-json\/wp\/v2\/users\/14"}],"replies":[{"embeddable":true,"href":"https:\/\/blogs.florida.es\/floridauniversitariablog\/wp-json\/wp\/v2\/comments?post=1891"}],"version-history":[{"count":0,"href":"https:\/\/blogs.florida.es\/floridauniversitariablog\/wp-json\/wp\/v2\/posts\/1891\/revisions"}],"wp:attachment":[{"href":"https:\/\/blogs.florida.es\/floridauniversitariablog\/wp-json\/wp\/v2\/media?parent=1891"}],"wp:term":[{"taxonomy":"category","embeddable":true,"href":"https:\/\/blogs.florida.es\/floridauniversitariablog\/wp-json\/wp\/v2\/categories?post=1891"},{"taxonomy":"post_tag","embeddable":true,"href":"https:\/\/blogs.florida.es\/floridauniversitariablog\/wp-json\/wp\/v2\/tags?post=1891"}],"curies":[{"name":"wp","href":"https:\/\/api.w.org\/{rel}","templated":true}]}}