{"id":2763,"date":"2019-06-21T08:00:10","date_gmt":"2019-06-21T08:00:10","guid":{"rendered":"http:\/\/blogs.florida.es\/floridauniversitariaingenieria\/?p=2763"},"modified":"2019-06-21T08:00:10","modified_gmt":"2019-06-21T08:00:10","slug":"del-aprendizaje-por-proyectos-a-los-retos","status":"publish","type":"post","link":"https:\/\/blogs.florida.es\/floridauniversitariablog\/2019\/06\/del-aprendizaje-por-proyectos-a-los-retos\/","title":{"rendered":"Del aprendizaje por proyectos a los retos"},"content":{"rendered":"<p style=\"text-align: justify\"><a href=\"http:\/\/www.floridauniversitaria.es\" target=\"_blank\" rel=\"noopener noreferrer\">Florida Universitaria<\/a> ha participado en la <strong>Conferencia de Directores de Escuelas de Ingenier\u00eda<\/strong> del \u00e1mbito industrial, que se ha reunido en la Escuela Polit\u00e9cnica Superior de Alcoy.<\/p>\n<p style=\"text-align: justify\">El director de la Unidad de Ingenier\u00eda, Jaume Llorca, ha sido el representante Florida Universitaria. La jornada se ha enmarcado en el Congreso Universitario de Innovaci\u00f3n Educativa en las Ense\u00f1anzas T\u00e9cnicas, en el que Florida ha presentado la comunicaci\u00f3n \u00ab<em>Del aprendizaje basado en proyectos en el aprendizaje basado en retos<\/em><strong>\u00bb de los autores Antonio Ortega Valera, Jos\u00e9 Manuel Pastor Benlloch y Jaume Llorca Mart\u00ednez. <\/strong>La comunicaci\u00f3n la ha presentado brillantemente Jos\u00e9 Manuel Pastor Benlloch y ha tenido un magn\u00edfico acogida, con multitud de preguntas.<\/p>\n<p><img loading=\"lazy\" decoding=\"async\" class=\"aligncenter size-large wp-image-2764\" src=\"https:\/\/blogs.florida.es\/floridauniversitariaingenieria\/wp-content\/uploads\/sites\/14\/2019\/06\/dtores-escuela-ingenieria-1024x768.jpg\" alt=\"\" width=\"648\" height=\"486\" \/><\/p>\n","protected":false},"excerpt":{"rendered":"<p>Florida Universitaria ha participado en la Conferencia de Directores de Escuelas de Ingenier\u00eda del \u00e1mbito industrial, que se ha reunido en la Escuela Polit\u00e9cnica Superior de Alcoy. El director de la Unidad de Ingenier\u00eda, Jaume Llorca, ha sido el representante Florida Universitaria. La jornada se ha enmarcado en el Congreso Universitario de Innovaci\u00f3n Educativa en [&hellip;]<\/p>\n","protected":false},"author":14,"featured_media":0,"comment_status":"closed","ping_status":"closed","sticky":false,"template":"","format":"standard","meta":{"jetpack_post_was_ever_published":false,"_jetpack_newsletter_access":"","_jetpack_dont_email_post_to_subs":false,"_jetpack_newsletter_tier_id":0,"_jetpack_memberships_contains_paywalled_content":false,"_jetpack_memberships_contains_paid_content":false,"footnotes":"","jetpack_publicize_message":"","jetpack_publicize_feature_enabled":true,"jetpack_social_post_already_shared":true,"jetpack_social_options":{"image_generator_settings":{"template":"highway","default_image_id":0,"font":"","enabled":false},"version":2}},"categories":[6],"tags":[],"class_list":["post-2763","post","type-post","status-publish","format-standard","hentry","category-ingenieria"],"yoast_head":"<!-- This site is optimized with the Yoast SEO plugin v21.6 - https:\/\/yoast.com\/wordpress\/plugins\/seo\/ -->\n<title>Del aprendizaje por proyectos a los retos - Experiencia Florida: Blog<\/title>\n<meta name=\"robots\" content=\"index, follow, max-snippet:-1, max-image-preview:large, max-video-preview:-1\" \/>\n<link rel=\"canonical\" href=\"http:\/\/blogs.florida.es\/floridauniversitariablog\/2019\/06\/del-aprendizaje-por-proyectos-a-los-retos\/\" \/>\n<meta property=\"og:locale\" content=\"es_ES\" \/>\n<meta property=\"og:type\" content=\"article\" \/>\n<meta property=\"og:title\" content=\"Del aprendizaje por proyectos a los retos - Experiencia Florida: Blog\" \/>\n<meta property=\"og:description\" content=\"Florida Universitaria ha participado en la Conferencia de Directores de Escuelas de Ingenier\u00eda del \u00e1mbito industrial, que se ha reunido en la Escuela Polit\u00e9cnica Superior de Alcoy. El director de la Unidad de Ingenier\u00eda, Jaume Llorca, ha sido el representante Florida Universitaria. La jornada se ha enmarcado en el Congreso Universitario de Innovaci\u00f3n Educativa en [&hellip;]\" \/>\n<meta property=\"og:url\" content=\"http:\/\/blogs.florida.es\/floridauniversitariablog\/2019\/06\/del-aprendizaje-por-proyectos-a-los-retos\/\" \/>\n<meta property=\"og:site_name\" content=\"Experiencia Florida: Blog\" \/>\n<meta property=\"article:published_time\" content=\"2019-06-21T08:00:10+00:00\" \/>\n<meta property=\"og:image\" content=\"https:\/\/blogs.florida.es\/floridauniversitariaingenieria\/wp-content\/uploads\/sites\/14\/2019\/06\/dtores-escuela-ingenieria-1024x768.jpg\" \/>\n<meta name=\"author\" content=\"mtmoreno@florida.local\" \/>\n<meta name=\"twitter:card\" content=\"summary_large_image\" \/>\n<meta name=\"twitter:label1\" content=\"Escrito por\" \/>\n\t<meta name=\"twitter:data1\" content=\"mtmoreno@florida.local\" \/>\n\t<meta name=\"twitter:label2\" content=\"Tiempo de lectura\" \/>\n\t<meta name=\"twitter:data2\" content=\"1 minuto\" \/>\n<script type=\"application\/ld+json\" class=\"yoast-schema-graph\">{\"@context\":\"https:\/\/schema.org\",\"@graph\":[{\"@type\":\"WebPage\",\"@id\":\"http:\/\/blogs.florida.es\/floridauniversitariablog\/2019\/06\/del-aprendizaje-por-proyectos-a-los-retos\/\",\"url\":\"http:\/\/blogs.florida.es\/floridauniversitariablog\/2019\/06\/del-aprendizaje-por-proyectos-a-los-retos\/\",\"name\":\"Del aprendizaje por proyectos a los retos - Experiencia Florida: Blog\",\"isPartOf\":{\"@id\":\"https:\/\/blogs.florida.es\/floridauniversitariablog\/#website\"},\"datePublished\":\"2019-06-21T08:00:10+00:00\",\"dateModified\":\"2019-06-21T08:00:10+00:00\",\"author\":{\"@id\":\"https:\/\/blogs.florida.es\/floridauniversitariablog\/#\/schema\/person\/b4f91174855694efbc637a78b3e74659\"},\"breadcrumb\":{\"@id\":\"http:\/\/blogs.florida.es\/floridauniversitariablog\/2019\/06\/del-aprendizaje-por-proyectos-a-los-retos\/#breadcrumb\"},\"inLanguage\":\"es\",\"potentialAction\":[{\"@type\":\"ReadAction\",\"target\":[\"http:\/\/blogs.florida.es\/floridauniversitariablog\/2019\/06\/del-aprendizaje-por-proyectos-a-los-retos\/\"]}]},{\"@type\":\"BreadcrumbList\",\"@id\":\"http:\/\/blogs.florida.es\/floridauniversitariablog\/2019\/06\/del-aprendizaje-por-proyectos-a-los-retos\/#breadcrumb\",\"itemListElement\":[{\"@type\":\"ListItem\",\"position\":1,\"name\":\"Portada\",\"item\":\"https:\/\/blogs.florida.es\/floridauniversitariablog\/\"},{\"@type\":\"ListItem\",\"position\":2,\"name\":\"Del aprendizaje por proyectos a los retos\"}]},{\"@type\":\"WebSite\",\"@id\":\"https:\/\/blogs.florida.es\/floridauniversitariablog\/#website\",\"url\":\"https:\/\/blogs.florida.es\/floridauniversitariablog\/\",\"name\":\"Experiencia Florida: Blog\",\"description\":\"Experiencia Florida: Nuestro Blog\",\"potentialAction\":[{\"@type\":\"SearchAction\",\"target\":{\"@type\":\"EntryPoint\",\"urlTemplate\":\"https:\/\/blogs.florida.es\/floridauniversitariablog\/?s={search_term_string}\"},\"query-input\":\"required name=search_term_string\"}],\"inLanguage\":\"es\"},{\"@type\":\"Person\",\"@id\":\"https:\/\/blogs.florida.es\/floridauniversitariablog\/#\/schema\/person\/b4f91174855694efbc637a78b3e74659\",\"name\":\"mtmoreno@florida.local\",\"image\":{\"@type\":\"ImageObject\",\"inLanguage\":\"es\",\"@id\":\"https:\/\/blogs.florida.es\/floridauniversitariablog\/#\/schema\/person\/image\/\",\"url\":\"https:\/\/secure.gravatar.com\/avatar\/a292bf8f12a0bebd3ea5e24da579596fc0c0ed61528558850239ad4607f07411?s=96&d=mm&r=g\",\"contentUrl\":\"https:\/\/secure.gravatar.com\/avatar\/a292bf8f12a0bebd3ea5e24da579596fc0c0ed61528558850239ad4607f07411?s=96&d=mm&r=g\",\"caption\":\"mtmoreno@florida.local\"},\"url\":\"https:\/\/blogs.florida.es\/floridauniversitariablog\/author\/mtmoreno\/\"}]}<\/script>\n<!-- \/ Yoast SEO plugin. -->","yoast_head_json":{"title":"Del aprendizaje por proyectos a los retos - Experiencia Florida: Blog","robots":{"index":"index","follow":"follow","max-snippet":"max-snippet:-1","max-image-preview":"max-image-preview:large","max-video-preview":"max-video-preview:-1"},"canonical":"http:\/\/blogs.florida.es\/floridauniversitariablog\/2019\/06\/del-aprendizaje-por-proyectos-a-los-retos\/","og_locale":"es_ES","og_type":"article","og_title":"Del aprendizaje por proyectos a los retos - Experiencia Florida: Blog","og_description":"Florida Universitaria ha participado en la Conferencia de Directores de Escuelas de Ingenier\u00eda del \u00e1mbito industrial, que se ha reunido en la Escuela Polit\u00e9cnica Superior de Alcoy. El director de la Unidad de Ingenier\u00eda, Jaume Llorca, ha sido el representante Florida Universitaria. La jornada se ha enmarcado en el Congreso Universitario de Innovaci\u00f3n Educativa en [&hellip;]","og_url":"http:\/\/blogs.florida.es\/floridauniversitariablog\/2019\/06\/del-aprendizaje-por-proyectos-a-los-retos\/","og_site_name":"Experiencia Florida: Blog","article_published_time":"2019-06-21T08:00:10+00:00","og_image":[{"url":"https:\/\/blogs.florida.es\/floridauniversitariaingenieria\/wp-content\/uploads\/sites\/14\/2019\/06\/dtores-escuela-ingenieria-1024x768.jpg"}],"author":"mtmoreno@florida.local","twitter_card":"summary_large_image","twitter_misc":{"Escrito por":"mtmoreno@florida.local","Tiempo de lectura":"1 minuto"},"schema":{"@context":"https:\/\/schema.org","@graph":[{"@type":"WebPage","@id":"http:\/\/blogs.florida.es\/floridauniversitariablog\/2019\/06\/del-aprendizaje-por-proyectos-a-los-retos\/","url":"http:\/\/blogs.florida.es\/floridauniversitariablog\/2019\/06\/del-aprendizaje-por-proyectos-a-los-retos\/","name":"Del aprendizaje por proyectos a los retos - Experiencia Florida: Blog","isPartOf":{"@id":"https:\/\/blogs.florida.es\/floridauniversitariablog\/#website"},"datePublished":"2019-06-21T08:00:10+00:00","dateModified":"2019-06-21T08:00:10+00:00","author":{"@id":"https:\/\/blogs.florida.es\/floridauniversitariablog\/#\/schema\/person\/b4f91174855694efbc637a78b3e74659"},"breadcrumb":{"@id":"http:\/\/blogs.florida.es\/floridauniversitariablog\/2019\/06\/del-aprendizaje-por-proyectos-a-los-retos\/#breadcrumb"},"inLanguage":"es","potentialAction":[{"@type":"ReadAction","target":["http:\/\/blogs.florida.es\/floridauniversitariablog\/2019\/06\/del-aprendizaje-por-proyectos-a-los-retos\/"]}]},{"@type":"BreadcrumbList","@id":"http:\/\/blogs.florida.es\/floridauniversitariablog\/2019\/06\/del-aprendizaje-por-proyectos-a-los-retos\/#breadcrumb","itemListElement":[{"@type":"ListItem","position":1,"name":"Portada","item":"https:\/\/blogs.florida.es\/floridauniversitariablog\/"},{"@type":"ListItem","position":2,"name":"Del aprendizaje por proyectos a los retos"}]},{"@type":"WebSite","@id":"https:\/\/blogs.florida.es\/floridauniversitariablog\/#website","url":"https:\/\/blogs.florida.es\/floridauniversitariablog\/","name":"Experiencia Florida: Blog","description":"Experiencia Florida: Nuestro Blog","potentialAction":[{"@type":"SearchAction","target":{"@type":"EntryPoint","urlTemplate":"https:\/\/blogs.florida.es\/floridauniversitariablog\/?s={search_term_string}"},"query-input":"required name=search_term_string"}],"inLanguage":"es"},{"@type":"Person","@id":"https:\/\/blogs.florida.es\/floridauniversitariablog\/#\/schema\/person\/b4f91174855694efbc637a78b3e74659","name":"mtmoreno@florida.local","image":{"@type":"ImageObject","inLanguage":"es","@id":"https:\/\/blogs.florida.es\/floridauniversitariablog\/#\/schema\/person\/image\/","url":"https:\/\/secure.gravatar.com\/avatar\/a292bf8f12a0bebd3ea5e24da579596fc0c0ed61528558850239ad4607f07411?s=96&d=mm&r=g","contentUrl":"https:\/\/secure.gravatar.com\/avatar\/a292bf8f12a0bebd3ea5e24da579596fc0c0ed61528558850239ad4607f07411?s=96&d=mm&r=g","caption":"mtmoreno@florida.local"},"url":"https:\/\/blogs.florida.es\/floridauniversitariablog\/author\/mtmoreno\/"}]}},"jetpack_publicize_connections":[],"jetpack_featured_media_url":"","jetpack_sharing_enabled":true,"jetpack_shortlink":"https:\/\/wp.me\/pau61W-Iz","post_mailing_queue_ids":[],"_links":{"self":[{"href":"https:\/\/blogs.florida.es\/floridauniversitariablog\/wp-json\/wp\/v2\/posts\/2763","targetHints":{"allow":["GET"]}}],"collection":[{"href":"https:\/\/blogs.florida.es\/floridauniversitariablog\/wp-json\/wp\/v2\/posts"}],"about":[{"href":"https:\/\/blogs.florida.es\/floridauniversitariablog\/wp-json\/wp\/v2\/types\/post"}],"author":[{"embeddable":true,"href":"https:\/\/blogs.florida.es\/floridauniversitariablog\/wp-json\/wp\/v2\/users\/14"}],"replies":[{"embeddable":true,"href":"https:\/\/blogs.florida.es\/floridauniversitariablog\/wp-json\/wp\/v2\/comments?post=2763"}],"version-history":[{"count":0,"href":"https:\/\/blogs.florida.es\/floridauniversitariablog\/wp-json\/wp\/v2\/posts\/2763\/revisions"}],"wp:attachment":[{"href":"https:\/\/blogs.florida.es\/floridauniversitariablog\/wp-json\/wp\/v2\/media?parent=2763"}],"wp:term":[{"taxonomy":"category","embeddable":true,"href":"https:\/\/blogs.florida.es\/floridauniversitariablog\/wp-json\/wp\/v2\/categories?post=2763"},{"taxonomy":"post_tag","embeddable":true,"href":"https:\/\/blogs.florida.es\/floridauniversitariablog\/wp-json\/wp\/v2\/tags?post=2763"}],"curies":[{"name":"wp","href":"https:\/\/api.w.org\/{rel}","templated":true}]}}