{"id":3131,"date":"2017-05-02T15:26:03","date_gmt":"2017-05-02T14:26:03","guid":{"rendered":"https:\/\/floridauniversitariaeducacion.wordpress.com\/?p=3131"},"modified":"2017-05-02T15:26:03","modified_gmt":"2017-05-02T14:26:03","slug":"curriculum-chulo-y-manifiesto","status":"publish","type":"post","link":"https:\/\/blogs.florida.es\/floridauniversitariablog\/2017\/05\/curriculum-chulo-y-manifiesto\/","title":{"rendered":"&quot;Curr\u00edculum chulo y manifiesto&quot;"},"content":{"rendered":"<p>El alumnado de 3\u00b0A de <a href=\"http:\/\/www.floridauniversitaria.es\/es-ES\/OfertaAcademica\/grados\/Paginas\/infantil-mas-primaria.aspx?Perfil=Florida+Universitaria&amp;Grado=Maestro%2fa+en+Infantil+y+Primaria\" target=\"_blank\" rel=\"noopener noreferrer\">Simultaneidad de Educaci\u00f3n Infantil y Primaria<\/a> os invita a la exposici\u00f3n de arte conceptual:<br \/>\n<img loading=\"lazy\" decoding=\"async\" class=\"alignnone size-full wp-image-3134\" src=\"https:\/\/floridauniversitariaeducacion.files.wordpress.com\/2017\/05\/lucia.png\" alt=\"lucia\" width=\"1280\" height=\"720\" \/><\/p>\n<div style=\"text-align:justify\">Para llevarla a cabo, hemos trabajado durante 3 meses analizando, investigando e interiorizando el contenido y forma del curr\u00edculo ofrecido por el estado. A partir de nuestros relatos de la ni\u00f1ez hemos visto su parte de curr\u00edculum nulo y no manifiesto. Hemos identificado sus \u201cgrietas\u201d por donde poder hacer entrar temas y acontecimientos propios de la ni\u00f1ez que no eran contemplados, convirti\u00e9ndolo as\u00ed en curr\u00edculum \u00abchulo y manifiesto\u00bb.<\/div>\n<div><\/div>\n<div style=\"text-align:justify\">La exposici\u00f3n estar\u00e1 distribuida en tres espacios de <a href=\"http:\/\/www.floridauniversitaria.es\" target=\"_blank\" rel=\"noopener noreferrer\">Florida Universitaria<\/a>: el Hall del edificio D, la Biblioteca y el SIE en el edificio A. Comenzar\u00e1 a las 12.00 aproximadamente con la performance <i>Sistematizaci\u00f3n<\/i> (zona patio edi A,C,B). No dudes en pasar.<\/div>\n<div><\/div>\n<div>Las obras quedan expuestas del 2 de mayo al 15 de septiembre 2017. Adjuntamos a continuaci\u00f3n la explicaci\u00f3n del contenido de la misma:<\/div>\n<div><\/div>\n<div>\n<p style=\"text-align:justify\">La exposici\u00f3n de creaciones y artefactos art\u00edsticos del alumnado de grado de simultaneidad de infantil y primaria, nace del proyecto <em>El espejo de nuestros lugares no comunes <\/em>de la materia de did\u00e1ctica art\u00edstica de este curso.<\/p>\n<p>&nbsp;<\/p>\n<blockquote>\n<p style=\"text-align:justify\">Entendiendo el arte contempor\u00e1neo como el espejo en el que nos miramos hoy, nos hemos fijado en la obra de la joven artista Hilde Onis. Tomamos sobre todo las instalaciones que se plantean la ni\u00f1ez como tema. Su obra nos hace preguntarnos sobre la imagen de la ni\u00f1ez desde nuestra propia experiencia. Creamos relatos visuales a partir de objetos simb\u00f3licos y objetos recuerdo. En este proceso pudimos comprobar que los momentos significativos de ni\u00f1ez se han dado fuera de lo escolar. Estudiamos que es el curr\u00edculo no manifiesto y el curr\u00edculo nulo. Estudiamos anal\u00edticamente el curr\u00edculum oficial de primaria observando que solo parcialmente recoge lo significativo del concepto de ni\u00f1ez (al menos a nivel vivencial). A partir de entonces, cada una de las alumnas trabaja en una obra con vistas a desarrollarse posteriormente como propuesta did\u00e1ctica, y que tenga que ver con la ni\u00f1ez m\u00e1s pr\u00f3xima a la realidad que ha vivido. Hemos contado para nuestro desarrollo del lenguaje art\u00edstico objetual con el seminario impartido por el artista inslatacional Marco Ranieri.<\/p>\n<\/blockquote>\n<p><img loading=\"lazy\" decoding=\"async\" class=\"alignnone size-full wp-image-3140\" src=\"https:\/\/floridauniversitariaeducacion.files.wordpress.com\/2017\/05\/lucia2.jpg\" alt=\"lucia2\" width=\"963\" height=\"719\" \/><br \/>\n&nbsp;<br \/>\nLos trabajos son interdisciplinares en cuanto a disciplinas art\u00edsticas y tem\u00e1ticas: hay sobre todo obras-objeto, obras-libros, videos, instalaciones y una performance. Los contenidos se engloban bajo los bloques de temas: <em>Sentimientos<\/em>, <em>Vida y muerte<\/em>, <em>Valores y sociedad<\/em>, <em>Infancia e identidad<\/em> y <em>la educaci\u00f3n so\u00f1ada<\/em>.\n<\/div>\n<div><\/div>\n<div align=\"center\">\u00a1Os esperamos!<\/div>\n<div align=\"center\"><\/div>\n<div style=\"text-align:justify\" align=\"center\">M\u00e9s informaci\u00f3n: Luc\u00eda Rueda (lrueda@florida-uni.es)<\/div>\n","protected":false},"excerpt":{"rendered":"<p>El alumnado de 3\u00b0A de Simultaneidad de Educaci\u00f3n Infantil y Primaria os invita a la exposici\u00f3n de arte conceptual: Para llevarla a cabo, hemos trabajado durante 3 meses analizando, investigando e interiorizando el contenido y forma del curr\u00edculo ofrecido por el estado. A partir de nuestros relatos de la ni\u00f1ez hemos visto su parte de [&hellip;]<\/p>\n","protected":false},"author":14,"featured_media":0,"comment_status":"open","ping_status":"open","sticky":false,"template":"","format":"standard","meta":{"jetpack_post_was_ever_published":false,"_jetpack_newsletter_access":"","_jetpack_dont_email_post_to_subs":false,"_jetpack_newsletter_tier_id":0,"_jetpack_memberships_contains_paywalled_content":false,"_jetpack_memberships_contains_paid_content":false,"footnotes":"","jetpack_publicize_message":"","jetpack_publicize_feature_enabled":true,"jetpack_social_post_already_shared":true,"jetpack_social_options":{"image_generator_settings":{"template":"highway","default_image_id":0,"font":"","enabled":false},"version":2}},"categories":[4],"tags":[540,371,395],"class_list":["post-3131","post","type-post","status-publish","format-standard","hentry","category-educacion","tag-curriculum-nulo","tag-didactica-artistica","tag-exposicions"],"yoast_head":"<!-- This site is optimized with the Yoast SEO plugin v21.6 - https:\/\/yoast.com\/wordpress\/plugins\/seo\/ -->\n<title>&quot;Curr\u00edculum chulo y manifiesto&quot; - Experiencia Florida: Blog<\/title>\n<meta name=\"robots\" content=\"index, follow, max-snippet:-1, max-image-preview:large, max-video-preview:-1\" \/>\n<link rel=\"canonical\" href=\"http:\/\/blogs.florida.es\/floridauniversitariablog\/2017\/05\/curriculum-chulo-y-manifiesto\/\" \/>\n<meta property=\"og:locale\" content=\"es_ES\" \/>\n<meta property=\"og:type\" content=\"article\" \/>\n<meta property=\"og:title\" content=\"&quot;Curr\u00edculum chulo y manifiesto&quot; - Experiencia Florida: Blog\" \/>\n<meta property=\"og:description\" content=\"El alumnado de 3\u00b0A de Simultaneidad de Educaci\u00f3n Infantil y Primaria os invita a la exposici\u00f3n de arte conceptual: Para llevarla a cabo, hemos trabajado durante 3 meses analizando, investigando e interiorizando el contenido y forma del curr\u00edculo ofrecido por el estado. A partir de nuestros relatos de la ni\u00f1ez hemos visto su parte de [&hellip;]\" \/>\n<meta property=\"og:url\" content=\"http:\/\/blogs.florida.es\/floridauniversitariablog\/2017\/05\/curriculum-chulo-y-manifiesto\/\" \/>\n<meta property=\"og:site_name\" content=\"Experiencia Florida: Blog\" \/>\n<meta property=\"article:published_time\" content=\"2017-05-02T14:26:03+00:00\" \/>\n<meta property=\"og:image\" content=\"https:\/\/floridauniversitariaeducacion.files.wordpress.com\/2017\/05\/lucia.png\" \/>\n<meta name=\"author\" content=\"mtmoreno@florida.local\" \/>\n<meta name=\"twitter:card\" content=\"summary_large_image\" \/>\n<meta name=\"twitter:label1\" content=\"Escrito por\" \/>\n\t<meta name=\"twitter:data1\" content=\"mtmoreno@florida.local\" \/>\n\t<meta name=\"twitter:label2\" content=\"Tiempo de lectura\" \/>\n\t<meta name=\"twitter:data2\" content=\"2 minutos\" \/>\n<script type=\"application\/ld+json\" class=\"yoast-schema-graph\">{\"@context\":\"https:\/\/schema.org\",\"@graph\":[{\"@type\":\"WebPage\",\"@id\":\"http:\/\/blogs.florida.es\/floridauniversitariablog\/2017\/05\/curriculum-chulo-y-manifiesto\/\",\"url\":\"http:\/\/blogs.florida.es\/floridauniversitariablog\/2017\/05\/curriculum-chulo-y-manifiesto\/\",\"name\":\"&quot;Curr\u00edculum chulo y manifiesto&quot; - Experiencia Florida: Blog\",\"isPartOf\":{\"@id\":\"https:\/\/blogs.florida.es\/floridauniversitariablog\/#website\"},\"datePublished\":\"2017-05-02T14:26:03+00:00\",\"dateModified\":\"2017-05-02T14:26:03+00:00\",\"author\":{\"@id\":\"https:\/\/blogs.florida.es\/floridauniversitariablog\/#\/schema\/person\/b4f91174855694efbc637a78b3e74659\"},\"breadcrumb\":{\"@id\":\"http:\/\/blogs.florida.es\/floridauniversitariablog\/2017\/05\/curriculum-chulo-y-manifiesto\/#breadcrumb\"},\"inLanguage\":\"es\",\"potentialAction\":[{\"@type\":\"ReadAction\",\"target\":[\"http:\/\/blogs.florida.es\/floridauniversitariablog\/2017\/05\/curriculum-chulo-y-manifiesto\/\"]}]},{\"@type\":\"BreadcrumbList\",\"@id\":\"http:\/\/blogs.florida.es\/floridauniversitariablog\/2017\/05\/curriculum-chulo-y-manifiesto\/#breadcrumb\",\"itemListElement\":[{\"@type\":\"ListItem\",\"position\":1,\"name\":\"Portada\",\"item\":\"https:\/\/blogs.florida.es\/floridauniversitariablog\/\"},{\"@type\":\"ListItem\",\"position\":2,\"name\":\"&quot;Curr\u00edculum chulo y manifiesto&quot;\"}]},{\"@type\":\"WebSite\",\"@id\":\"https:\/\/blogs.florida.es\/floridauniversitariablog\/#website\",\"url\":\"https:\/\/blogs.florida.es\/floridauniversitariablog\/\",\"name\":\"Experiencia Florida: Blog\",\"description\":\"Experiencia Florida: Nuestro Blog\",\"potentialAction\":[{\"@type\":\"SearchAction\",\"target\":{\"@type\":\"EntryPoint\",\"urlTemplate\":\"https:\/\/blogs.florida.es\/floridauniversitariablog\/?s={search_term_string}\"},\"query-input\":\"required name=search_term_string\"}],\"inLanguage\":\"es\"},{\"@type\":\"Person\",\"@id\":\"https:\/\/blogs.florida.es\/floridauniversitariablog\/#\/schema\/person\/b4f91174855694efbc637a78b3e74659\",\"name\":\"mtmoreno@florida.local\",\"image\":{\"@type\":\"ImageObject\",\"inLanguage\":\"es\",\"@id\":\"https:\/\/blogs.florida.es\/floridauniversitariablog\/#\/schema\/person\/image\/\",\"url\":\"https:\/\/secure.gravatar.com\/avatar\/a292bf8f12a0bebd3ea5e24da579596fc0c0ed61528558850239ad4607f07411?s=96&d=mm&r=g\",\"contentUrl\":\"https:\/\/secure.gravatar.com\/avatar\/a292bf8f12a0bebd3ea5e24da579596fc0c0ed61528558850239ad4607f07411?s=96&d=mm&r=g\",\"caption\":\"mtmoreno@florida.local\"},\"url\":\"https:\/\/blogs.florida.es\/floridauniversitariablog\/author\/mtmoreno\/\"}]}<\/script>\n<!-- \/ Yoast SEO plugin. -->","yoast_head_json":{"title":"&quot;Curr\u00edculum chulo y manifiesto&quot; - Experiencia Florida: Blog","robots":{"index":"index","follow":"follow","max-snippet":"max-snippet:-1","max-image-preview":"max-image-preview:large","max-video-preview":"max-video-preview:-1"},"canonical":"http:\/\/blogs.florida.es\/floridauniversitariablog\/2017\/05\/curriculum-chulo-y-manifiesto\/","og_locale":"es_ES","og_type":"article","og_title":"&quot;Curr\u00edculum chulo y manifiesto&quot; - Experiencia Florida: Blog","og_description":"El alumnado de 3\u00b0A de Simultaneidad de Educaci\u00f3n Infantil y Primaria os invita a la exposici\u00f3n de arte conceptual: Para llevarla a cabo, hemos trabajado durante 3 meses analizando, investigando e interiorizando el contenido y forma del curr\u00edculo ofrecido por el estado. A partir de nuestros relatos de la ni\u00f1ez hemos visto su parte de [&hellip;]","og_url":"http:\/\/blogs.florida.es\/floridauniversitariablog\/2017\/05\/curriculum-chulo-y-manifiesto\/","og_site_name":"Experiencia Florida: Blog","article_published_time":"2017-05-02T14:26:03+00:00","og_image":[{"url":"https:\/\/floridauniversitariaeducacion.files.wordpress.com\/2017\/05\/lucia.png"}],"author":"mtmoreno@florida.local","twitter_card":"summary_large_image","twitter_misc":{"Escrito por":"mtmoreno@florida.local","Tiempo de lectura":"2 minutos"},"schema":{"@context":"https:\/\/schema.org","@graph":[{"@type":"WebPage","@id":"http:\/\/blogs.florida.es\/floridauniversitariablog\/2017\/05\/curriculum-chulo-y-manifiesto\/","url":"http:\/\/blogs.florida.es\/floridauniversitariablog\/2017\/05\/curriculum-chulo-y-manifiesto\/","name":"&quot;Curr\u00edculum chulo y manifiesto&quot; - Experiencia Florida: Blog","isPartOf":{"@id":"https:\/\/blogs.florida.es\/floridauniversitariablog\/#website"},"datePublished":"2017-05-02T14:26:03+00:00","dateModified":"2017-05-02T14:26:03+00:00","author":{"@id":"https:\/\/blogs.florida.es\/floridauniversitariablog\/#\/schema\/person\/b4f91174855694efbc637a78b3e74659"},"breadcrumb":{"@id":"http:\/\/blogs.florida.es\/floridauniversitariablog\/2017\/05\/curriculum-chulo-y-manifiesto\/#breadcrumb"},"inLanguage":"es","potentialAction":[{"@type":"ReadAction","target":["http:\/\/blogs.florida.es\/floridauniversitariablog\/2017\/05\/curriculum-chulo-y-manifiesto\/"]}]},{"@type":"BreadcrumbList","@id":"http:\/\/blogs.florida.es\/floridauniversitariablog\/2017\/05\/curriculum-chulo-y-manifiesto\/#breadcrumb","itemListElement":[{"@type":"ListItem","position":1,"name":"Portada","item":"https:\/\/blogs.florida.es\/floridauniversitariablog\/"},{"@type":"ListItem","position":2,"name":"&quot;Curr\u00edculum chulo y manifiesto&quot;"}]},{"@type":"WebSite","@id":"https:\/\/blogs.florida.es\/floridauniversitariablog\/#website","url":"https:\/\/blogs.florida.es\/floridauniversitariablog\/","name":"Experiencia Florida: Blog","description":"Experiencia Florida: Nuestro Blog","potentialAction":[{"@type":"SearchAction","target":{"@type":"EntryPoint","urlTemplate":"https:\/\/blogs.florida.es\/floridauniversitariablog\/?s={search_term_string}"},"query-input":"required name=search_term_string"}],"inLanguage":"es"},{"@type":"Person","@id":"https:\/\/blogs.florida.es\/floridauniversitariablog\/#\/schema\/person\/b4f91174855694efbc637a78b3e74659","name":"mtmoreno@florida.local","image":{"@type":"ImageObject","inLanguage":"es","@id":"https:\/\/blogs.florida.es\/floridauniversitariablog\/#\/schema\/person\/image\/","url":"https:\/\/secure.gravatar.com\/avatar\/a292bf8f12a0bebd3ea5e24da579596fc0c0ed61528558850239ad4607f07411?s=96&d=mm&r=g","contentUrl":"https:\/\/secure.gravatar.com\/avatar\/a292bf8f12a0bebd3ea5e24da579596fc0c0ed61528558850239ad4607f07411?s=96&d=mm&r=g","caption":"mtmoreno@florida.local"},"url":"https:\/\/blogs.florida.es\/floridauniversitariablog\/author\/mtmoreno\/"}]}},"jetpack_publicize_connections":[],"jetpack_featured_media_url":"","jetpack_sharing_enabled":true,"jetpack_shortlink":"https:\/\/wp.me\/pau61W-Ov","post_mailing_queue_ids":[],"_links":{"self":[{"href":"https:\/\/blogs.florida.es\/floridauniversitariablog\/wp-json\/wp\/v2\/posts\/3131","targetHints":{"allow":["GET"]}}],"collection":[{"href":"https:\/\/blogs.florida.es\/floridauniversitariablog\/wp-json\/wp\/v2\/posts"}],"about":[{"href":"https:\/\/blogs.florida.es\/floridauniversitariablog\/wp-json\/wp\/v2\/types\/post"}],"author":[{"embeddable":true,"href":"https:\/\/blogs.florida.es\/floridauniversitariablog\/wp-json\/wp\/v2\/users\/14"}],"replies":[{"embeddable":true,"href":"https:\/\/blogs.florida.es\/floridauniversitariablog\/wp-json\/wp\/v2\/comments?post=3131"}],"version-history":[{"count":0,"href":"https:\/\/blogs.florida.es\/floridauniversitariablog\/wp-json\/wp\/v2\/posts\/3131\/revisions"}],"wp:attachment":[{"href":"https:\/\/blogs.florida.es\/floridauniversitariablog\/wp-json\/wp\/v2\/media?parent=3131"}],"wp:term":[{"taxonomy":"category","embeddable":true,"href":"https:\/\/blogs.florida.es\/floridauniversitariablog\/wp-json\/wp\/v2\/categories?post=3131"},{"taxonomy":"post_tag","embeddable":true,"href":"https:\/\/blogs.florida.es\/floridauniversitariablog\/wp-json\/wp\/v2\/tags?post=3131"}],"curies":[{"name":"wp","href":"https:\/\/api.w.org\/{rel}","templated":true}]}}