{"id":3607,"date":"2017-12-20T17:19:57","date_gmt":"2017-12-20T16:19:57","guid":{"rendered":"https:\/\/floridauniversitariaeducacion.wordpress.com\/?p=3607"},"modified":"2017-12-20T17:19:57","modified_gmt":"2017-12-20T16:19:57","slug":"el-tren-que-em-porta-a-lestacio-inoblidable","status":"publish","type":"post","link":"https:\/\/blogs.florida.es\/floridauniversitariablog\/2017\/12\/el-tren-que-em-porta-a-lestacio-inoblidable\/","title":{"rendered":"El tren que em porta a l\u2019estaci\u00f3 inoblidable."},"content":{"rendered":"<p style=\"text-align:justify\">Incertesa, por al canvi i amb el que trobar\u00e9, me n\u2019eixir\u00e9, tindr\u00e9 conflictes amb els meus futurs companys i companyes? Quina visi\u00f3 t\u00e9 el docent?\u00a0\u00a0 Em sentir\u00e9 cohesionada?<\/p>\n<p style=\"text-align:justify\">Ser\u00e9 capa\u00e7 d\u2019eixir de la meua zona de confort, que em d\u00f3na tanta seguretat i control, com veure les coses despr\u00e9s d\u2019haver tingut l\u2019experi\u00e8ncia?&#8230;<\/p>\n<p style=\"text-align:justify\">Preguntes com aquestes eixen d\u2019una estudiant que de moment forma part del programa de mobilitat SICUE, i que per aix\u00f2 s\u00f3c estudiant de doble grau de Magisteri d\u2019intercanvi, que procedeix de la Universitat de Lleida.<\/p>\n<p style=\"text-align:justify\">B\u00e9, sempre he sentit dir que a la vida hi ha trens passatgers que passen a la vida i paren en una estaci\u00f3 en un moment determinat que no esper\u00e9s, per\u00f2 que la revisora o el revisor t\u2019invita a pujar-hi i \u00e9s quan entrem amb conflicte amb nosaltres mateixos i mateixes, ja que perdem el control i sabem que si no donem el primer pas, el tren eixir\u00e0 i no sabem quan tornar\u00e0 a passar aquell mateix tren. Doncs, amb aquesta xicoteta reflexi\u00f3 vull comunicar el qu\u00e8, el com i el perqu\u00e8 ho sent.<\/p>\n<p style=\"text-align:justify\">I us preguntareu, i de quina estaci\u00f3 inoblidable ens parla? Doncs, de l\u2019estaci\u00f3 Florida Universit\u00e0ria on apleguen trens procedents d\u2019altres llocs i d\u2019on eixen trens d\u2019origen seu, que apleguen cap a la seua destinaci\u00f3, inserci\u00f3 en el m\u00f3n laboral.<\/p>\n<p style=\"text-align:justify\">Aix\u00ed doncs, durant aquest viatge Florida m\u2019est\u00e0 contribuint al meu creixement tant personal com professional, per\u00f2 tamb\u00e9 en el fet de despertar-me, d\u2019obrir la ment a altres possibilitats i alternatives, tot deixant que docent i discent s\u2019ajuden i es retroalimenten m\u00fatuament. A tirar endavant idees, projectes, pensaments que creus que no tenen fruit. I ac\u00ed te les sabem conrear, cuidar i sobretot a expandir-les al m\u00e0xim.\u00a0 A m\u00e9s, t\u2019expandeixes i et fas gran, perqu\u00e8 et sents acollit o acollida des del primer dia que obres la porta de la universitat i coneixes a tota la comunitat educativa.<\/p>\n<p style=\"text-align:justify\">\u00a0Aquests agents, revisor i revisores de trens,\u00a0 molt actius que fan m\u00e9s gran Florida, la cooperativa familiar i molt professional, on t\u2019ajuden a conrear i estendre a altres camps la llavor que tu portes i deixes caure. Aix\u00ed que, t\u2019ajuden a exterioritzar el teu potencial i extreure el millor de tu, sense perdre de vista la nostra ess\u00e8ncia de persona, la nostra identitat i sentiment de pertinen\u00e7a.<\/p>\n<p style=\"text-align:justify\">\n<p style=\"text-align:justify\">Aix\u00ed que Florida Universit\u00e0ria m\u2019est\u00e0 ajudant a cr\u00e9ixer personalment i professionalment.<\/p>\n<p style=\"text-align:justify\">I el que m\u2019agrada m\u00e9s \u00e9s que t\u2019integren, et compten i es preocupen dels passatgers des del primer instant que obres la porta. Per aix\u00f2 dic; que t\u2019obren portes com si fossen la teua segona fam\u00edlia i et donen suport quan veus que les coses no t\u2019eixen com tu vols.<\/p>\n<p style=\"text-align:justify\">\n<p style=\"text-align:justify\">A part de ser una cooperativa que forma professionals, tamb\u00e9 enlla\u00e7a i et deixa formar part de la seua fam\u00edlia. I per aix\u00f2 es formen fam\u00edlies amb aquesta. S\u00ed que en moments fren\u00e8tics la tensi\u00f3 pot emergir, per\u00f2 b\u00e9, com totes les fam\u00edlies. L\u2019important d\u2019ac\u00ed \u00e9s que la tensi\u00f3 no ens enva\u00efsca i ens conquiste, que es dissipe, perqu\u00e8 l\u2019estima, el respecte, la dedicaci\u00f3, el comprom\u00eds i la vocaci\u00f3 siga m\u00e9s fort que res. Per\u00f2, per aix\u00f2, ha d\u2019haver-hi un entrenament previ. I ac\u00ed a part d\u2019impartir i adquirir coneixement tamb\u00e9 es d\u00f3na i es transmet valors integradament i transversalment en tots els camps disciplinaris.<\/p>\n<p style=\"text-align:justify\">Per tant, recomane a tothom que vulga cr\u00e9ixer i con\u00e9ixer aquesta gran estaci\u00f3 on trobareu molts bons revisors i revisores que durant l\u2019estan\u00e7a us cuidaran i us integraran en la seua gran fam\u00edlia.<\/p>\n<p style=\"text-align:justify\">\n<p style=\"text-align:justify\">Agra\u00efsc molt i no em penedisc de res d\u2019haver baixat en aquesta estaci\u00f3, perqu\u00e8 se m\u2019ha ofert una gran oportunitat i experi\u00e8ncia que cada dia la gaudisc m\u00e9s i m\u2019apropie m\u00e9s d\u2019ella. No la deixar\u00e9 escapar ni un moment.<\/p>\n<p style=\"text-align:justify\">Aix\u00ed que m\u2019agradaria acabar aquest escrit, tot plasmant la meua reflexi\u00f3 metaf\u00f2rica que aquests mesos i dies he anat construint en el meu inconscient.<\/p>\n<p style=\"text-align:justify\">Un tren que no vaig deixar escapar. Sort que la revisora em va animar a agafar-lo i a destinar-me a con\u00e9ixer una segona gran fam\u00edlia, on no vull eixir.<\/p>\n<p style=\"text-align:justify\">Gr\u00e0cies de tot cor<\/p>\n<p style=\"text-align:justify\">I com dieu ac\u00ed, us anime que entre tots i totes tirem Amunt la Florida.<\/p>\n<p style=\"text-align:justify\">I nom\u00e9s em queda dir, molt bons desitjos a la meua gran segona fam\u00edlia.<\/p>\n<p style=\"text-align:justify\">Sempre us guardar\u00e9 en la meua ment i el meu cor.<\/p>\n<p style=\"text-align:justify\">Atentament:<\/p>\n<p style=\"text-align:justify\">Passatgera: Jenifer Forns S\u00e1nchez<\/p>\n<p style=\"text-align:justify\"><img loading=\"lazy\" decoding=\"async\" class=\"  wp-image-3608 aligncenter\" src=\"https:\/\/floridauniversitariaeducacion.files.wordpress.com\/2017\/12\/untitled2.png\" alt=\"untitled.png\" width=\"186\" height=\"212\" \/><\/p>\n<p>&nbsp;<br \/>\n&nbsp;<\/p>\n","protected":false},"excerpt":{"rendered":"<p>Incertesa, por al canvi i amb el que trobar\u00e9, me n\u2019eixir\u00e9, tindr\u00e9 conflictes amb els meus futurs companys i companyes? Quina visi\u00f3 t\u00e9 el docent?\u00a0\u00a0 Em sentir\u00e9 cohesionada? Ser\u00e9 capa\u00e7 d\u2019eixir de la meua zona de confort, que em d\u00f3na tanta seguretat i control, com veure les coses despr\u00e9s d\u2019haver tingut l\u2019experi\u00e8ncia?&#8230; Preguntes com aquestes [&hellip;]<\/p>\n","protected":false},"author":14,"featured_media":0,"comment_status":"open","ping_status":"open","sticky":false,"template":"","format":"standard","meta":{"jetpack_post_was_ever_published":false,"_jetpack_newsletter_access":"","_jetpack_dont_email_post_to_subs":false,"_jetpack_newsletter_tier_id":0,"_jetpack_memberships_contains_paywalled_content":false,"_jetpack_memberships_contains_paid_content":false,"footnotes":"","jetpack_publicize_message":"","jetpack_publicize_feature_enabled":true,"jetpack_social_post_already_shared":true,"jetpack_social_options":{"image_generator_settings":{"template":"highway","default_image_id":0,"font":"","enabled":false},"version":2}},"categories":[4],"tags":[386],"class_list":["post-3607","post","type-post","status-publish","format-standard","hentry","category-educacion","tag-intercanvis"],"yoast_head":"<!-- This site is optimized with the Yoast SEO plugin v21.6 - https:\/\/yoast.com\/wordpress\/plugins\/seo\/ -->\n<title>El tren que em porta a l\u2019estaci\u00f3 inoblidable. - Experiencia Florida: Blog<\/title>\n<meta name=\"robots\" content=\"index, follow, max-snippet:-1, max-image-preview:large, max-video-preview:-1\" \/>\n<link rel=\"canonical\" href=\"https:\/\/blogs.florida.es\/floridauniversitariablog\/2017\/12\/el-tren-que-em-porta-a-lestacio-inoblidable\/\" \/>\n<meta property=\"og:locale\" content=\"es_ES\" \/>\n<meta property=\"og:type\" content=\"article\" \/>\n<meta property=\"og:title\" content=\"El tren que em porta a l\u2019estaci\u00f3 inoblidable. - Experiencia Florida: Blog\" \/>\n<meta property=\"og:description\" content=\"Incertesa, por al canvi i amb el que trobar\u00e9, me n\u2019eixir\u00e9, tindr\u00e9 conflictes amb els meus futurs companys i companyes? Quina visi\u00f3 t\u00e9 el docent?\u00a0\u00a0 Em sentir\u00e9 cohesionada? Ser\u00e9 capa\u00e7 d\u2019eixir de la meua zona de confort, que em d\u00f3na tanta seguretat i control, com veure les coses despr\u00e9s d\u2019haver tingut l\u2019experi\u00e8ncia?&#8230; Preguntes com aquestes [&hellip;]\" \/>\n<meta property=\"og:url\" content=\"https:\/\/blogs.florida.es\/floridauniversitariablog\/2017\/12\/el-tren-que-em-porta-a-lestacio-inoblidable\/\" \/>\n<meta property=\"og:site_name\" content=\"Experiencia Florida: Blog\" \/>\n<meta property=\"article:published_time\" content=\"2017-12-20T16:19:57+00:00\" \/>\n<meta property=\"og:image\" content=\"https:\/\/floridauniversitariaeducacion.files.wordpress.com\/2017\/12\/untitled2.png\" \/>\n<meta name=\"author\" content=\"mtmoreno@florida.local\" \/>\n<meta name=\"twitter:card\" content=\"summary_large_image\" \/>\n<meta name=\"twitter:label1\" content=\"Escrito por\" \/>\n\t<meta name=\"twitter:data1\" content=\"mtmoreno@florida.local\" \/>\n\t<meta name=\"twitter:label2\" content=\"Tiempo de lectura\" \/>\n\t<meta name=\"twitter:data2\" content=\"4 minutos\" \/>\n<script type=\"application\/ld+json\" class=\"yoast-schema-graph\">{\"@context\":\"https:\/\/schema.org\",\"@graph\":[{\"@type\":\"WebPage\",\"@id\":\"https:\/\/blogs.florida.es\/floridauniversitariablog\/2017\/12\/el-tren-que-em-porta-a-lestacio-inoblidable\/\",\"url\":\"https:\/\/blogs.florida.es\/floridauniversitariablog\/2017\/12\/el-tren-que-em-porta-a-lestacio-inoblidable\/\",\"name\":\"El tren que em porta a l\u2019estaci\u00f3 inoblidable. - Experiencia Florida: Blog\",\"isPartOf\":{\"@id\":\"https:\/\/blogs.florida.es\/floridauniversitariablog\/#website\"},\"datePublished\":\"2017-12-20T16:19:57+00:00\",\"dateModified\":\"2017-12-20T16:19:57+00:00\",\"author\":{\"@id\":\"https:\/\/blogs.florida.es\/floridauniversitariablog\/#\/schema\/person\/b4f91174855694efbc637a78b3e74659\"},\"breadcrumb\":{\"@id\":\"https:\/\/blogs.florida.es\/floridauniversitariablog\/2017\/12\/el-tren-que-em-porta-a-lestacio-inoblidable\/#breadcrumb\"},\"inLanguage\":\"es\",\"potentialAction\":[{\"@type\":\"ReadAction\",\"target\":[\"https:\/\/blogs.florida.es\/floridauniversitariablog\/2017\/12\/el-tren-que-em-porta-a-lestacio-inoblidable\/\"]}]},{\"@type\":\"BreadcrumbList\",\"@id\":\"https:\/\/blogs.florida.es\/floridauniversitariablog\/2017\/12\/el-tren-que-em-porta-a-lestacio-inoblidable\/#breadcrumb\",\"itemListElement\":[{\"@type\":\"ListItem\",\"position\":1,\"name\":\"Portada\",\"item\":\"https:\/\/blogs.florida.es\/floridauniversitariablog\/\"},{\"@type\":\"ListItem\",\"position\":2,\"name\":\"El tren que em porta a l\u2019estaci\u00f3 inoblidable.\"}]},{\"@type\":\"WebSite\",\"@id\":\"https:\/\/blogs.florida.es\/floridauniversitariablog\/#website\",\"url\":\"https:\/\/blogs.florida.es\/floridauniversitariablog\/\",\"name\":\"Experiencia Florida: Blog\",\"description\":\"Experiencia Florida: Nuestro Blog\",\"potentialAction\":[{\"@type\":\"SearchAction\",\"target\":{\"@type\":\"EntryPoint\",\"urlTemplate\":\"https:\/\/blogs.florida.es\/floridauniversitariablog\/?s={search_term_string}\"},\"query-input\":\"required name=search_term_string\"}],\"inLanguage\":\"es\"},{\"@type\":\"Person\",\"@id\":\"https:\/\/blogs.florida.es\/floridauniversitariablog\/#\/schema\/person\/b4f91174855694efbc637a78b3e74659\",\"name\":\"mtmoreno@florida.local\",\"image\":{\"@type\":\"ImageObject\",\"inLanguage\":\"es\",\"@id\":\"https:\/\/blogs.florida.es\/floridauniversitariablog\/#\/schema\/person\/image\/\",\"url\":\"https:\/\/secure.gravatar.com\/avatar\/a292bf8f12a0bebd3ea5e24da579596fc0c0ed61528558850239ad4607f07411?s=96&d=mm&r=g\",\"contentUrl\":\"https:\/\/secure.gravatar.com\/avatar\/a292bf8f12a0bebd3ea5e24da579596fc0c0ed61528558850239ad4607f07411?s=96&d=mm&r=g\",\"caption\":\"mtmoreno@florida.local\"},\"url\":\"https:\/\/blogs.florida.es\/floridauniversitariablog\/author\/mtmoreno\/\"}]}<\/script>\n<!-- \/ Yoast SEO plugin. -->","yoast_head_json":{"title":"El tren que em porta a l\u2019estaci\u00f3 inoblidable. - Experiencia Florida: Blog","robots":{"index":"index","follow":"follow","max-snippet":"max-snippet:-1","max-image-preview":"max-image-preview:large","max-video-preview":"max-video-preview:-1"},"canonical":"https:\/\/blogs.florida.es\/floridauniversitariablog\/2017\/12\/el-tren-que-em-porta-a-lestacio-inoblidable\/","og_locale":"es_ES","og_type":"article","og_title":"El tren que em porta a l\u2019estaci\u00f3 inoblidable. - Experiencia Florida: Blog","og_description":"Incertesa, por al canvi i amb el que trobar\u00e9, me n\u2019eixir\u00e9, tindr\u00e9 conflictes amb els meus futurs companys i companyes? Quina visi\u00f3 t\u00e9 el docent?\u00a0\u00a0 Em sentir\u00e9 cohesionada? Ser\u00e9 capa\u00e7 d\u2019eixir de la meua zona de confort, que em d\u00f3na tanta seguretat i control, com veure les coses despr\u00e9s d\u2019haver tingut l\u2019experi\u00e8ncia?&#8230; Preguntes com aquestes [&hellip;]","og_url":"https:\/\/blogs.florida.es\/floridauniversitariablog\/2017\/12\/el-tren-que-em-porta-a-lestacio-inoblidable\/","og_site_name":"Experiencia Florida: Blog","article_published_time":"2017-12-20T16:19:57+00:00","og_image":[{"url":"https:\/\/floridauniversitariaeducacion.files.wordpress.com\/2017\/12\/untitled2.png"}],"author":"mtmoreno@florida.local","twitter_card":"summary_large_image","twitter_misc":{"Escrito por":"mtmoreno@florida.local","Tiempo de lectura":"4 minutos"},"schema":{"@context":"https:\/\/schema.org","@graph":[{"@type":"WebPage","@id":"https:\/\/blogs.florida.es\/floridauniversitariablog\/2017\/12\/el-tren-que-em-porta-a-lestacio-inoblidable\/","url":"https:\/\/blogs.florida.es\/floridauniversitariablog\/2017\/12\/el-tren-que-em-porta-a-lestacio-inoblidable\/","name":"El tren que em porta a l\u2019estaci\u00f3 inoblidable. - Experiencia Florida: Blog","isPartOf":{"@id":"https:\/\/blogs.florida.es\/floridauniversitariablog\/#website"},"datePublished":"2017-12-20T16:19:57+00:00","dateModified":"2017-12-20T16:19:57+00:00","author":{"@id":"https:\/\/blogs.florida.es\/floridauniversitariablog\/#\/schema\/person\/b4f91174855694efbc637a78b3e74659"},"breadcrumb":{"@id":"https:\/\/blogs.florida.es\/floridauniversitariablog\/2017\/12\/el-tren-que-em-porta-a-lestacio-inoblidable\/#breadcrumb"},"inLanguage":"es","potentialAction":[{"@type":"ReadAction","target":["https:\/\/blogs.florida.es\/floridauniversitariablog\/2017\/12\/el-tren-que-em-porta-a-lestacio-inoblidable\/"]}]},{"@type":"BreadcrumbList","@id":"https:\/\/blogs.florida.es\/floridauniversitariablog\/2017\/12\/el-tren-que-em-porta-a-lestacio-inoblidable\/#breadcrumb","itemListElement":[{"@type":"ListItem","position":1,"name":"Portada","item":"https:\/\/blogs.florida.es\/floridauniversitariablog\/"},{"@type":"ListItem","position":2,"name":"El tren que em porta a l\u2019estaci\u00f3 inoblidable."}]},{"@type":"WebSite","@id":"https:\/\/blogs.florida.es\/floridauniversitariablog\/#website","url":"https:\/\/blogs.florida.es\/floridauniversitariablog\/","name":"Experiencia Florida: Blog","description":"Experiencia Florida: Nuestro Blog","potentialAction":[{"@type":"SearchAction","target":{"@type":"EntryPoint","urlTemplate":"https:\/\/blogs.florida.es\/floridauniversitariablog\/?s={search_term_string}"},"query-input":"required name=search_term_string"}],"inLanguage":"es"},{"@type":"Person","@id":"https:\/\/blogs.florida.es\/floridauniversitariablog\/#\/schema\/person\/b4f91174855694efbc637a78b3e74659","name":"mtmoreno@florida.local","image":{"@type":"ImageObject","inLanguage":"es","@id":"https:\/\/blogs.florida.es\/floridauniversitariablog\/#\/schema\/person\/image\/","url":"https:\/\/secure.gravatar.com\/avatar\/a292bf8f12a0bebd3ea5e24da579596fc0c0ed61528558850239ad4607f07411?s=96&d=mm&r=g","contentUrl":"https:\/\/secure.gravatar.com\/avatar\/a292bf8f12a0bebd3ea5e24da579596fc0c0ed61528558850239ad4607f07411?s=96&d=mm&r=g","caption":"mtmoreno@florida.local"},"url":"https:\/\/blogs.florida.es\/floridauniversitariablog\/author\/mtmoreno\/"}]}},"jetpack_publicize_connections":[],"jetpack_featured_media_url":"","jetpack_sharing_enabled":true,"jetpack_shortlink":"https:\/\/wp.me\/pau61W-Wb","post_mailing_queue_ids":[],"_links":{"self":[{"href":"https:\/\/blogs.florida.es\/floridauniversitariablog\/wp-json\/wp\/v2\/posts\/3607","targetHints":{"allow":["GET"]}}],"collection":[{"href":"https:\/\/blogs.florida.es\/floridauniversitariablog\/wp-json\/wp\/v2\/posts"}],"about":[{"href":"https:\/\/blogs.florida.es\/floridauniversitariablog\/wp-json\/wp\/v2\/types\/post"}],"author":[{"embeddable":true,"href":"https:\/\/blogs.florida.es\/floridauniversitariablog\/wp-json\/wp\/v2\/users\/14"}],"replies":[{"embeddable":true,"href":"https:\/\/blogs.florida.es\/floridauniversitariablog\/wp-json\/wp\/v2\/comments?post=3607"}],"version-history":[{"count":0,"href":"https:\/\/blogs.florida.es\/floridauniversitariablog\/wp-json\/wp\/v2\/posts\/3607\/revisions"}],"wp:attachment":[{"href":"https:\/\/blogs.florida.es\/floridauniversitariablog\/wp-json\/wp\/v2\/media?parent=3607"}],"wp:term":[{"taxonomy":"category","embeddable":true,"href":"https:\/\/blogs.florida.es\/floridauniversitariablog\/wp-json\/wp\/v2\/categories?post=3607"},{"taxonomy":"post_tag","embeddable":true,"href":"https:\/\/blogs.florida.es\/floridauniversitariablog\/wp-json\/wp\/v2\/tags?post=3607"}],"curies":[{"name":"wp","href":"https:\/\/api.w.org\/{rel}","templated":true}]}}