{"id":3620,"date":"2017-12-28T09:16:31","date_gmt":"2017-12-28T08:16:31","guid":{"rendered":"https:\/\/floridauniversitariaeducacion.wordpress.com\/?p=3620"},"modified":"2017-12-28T09:16:31","modified_gmt":"2017-12-28T08:16:31","slug":"viatge-a-dublin-tallaght","status":"publish","type":"post","link":"https:\/\/blogs.florida.es\/floridauniversitariablog\/2017\/12\/viatge-a-dublin-tallaght\/","title":{"rendered":"Viaje a Dublin (Tallaght)"},"content":{"rendered":"<p style=\"text-align:justify\">El pasado 5 de Diciembre, Sonia Renovell y Jos\u00e9 Paulo Costa viajaron a Irlanda para asistir a la reuni\u00f3n del proyecto Erasmus + KA2 02 ChildInMind &#8211; Self-learning resourses for informal childminders.<\/p>\n<p><a href=\"https:\/\/floridauniversitariaeducacion.files.wordpress.com\/2017\/12\/noti-viatge-dublin.jpg\"><img loading=\"lazy\" decoding=\"async\" class=\"aligncenter size-full wp-image-3621\" src=\"https:\/\/floridauniversitariaeducacion.files.wordpress.com\/2017\/12\/noti-viatge-dublin.jpg\" alt=\"\" width=\"550\" height=\"309\" \/><\/a><\/p>\n<p style=\"text-align:justify\">Esta reuni\u00f3n tuvo lugar en Tallaght en las oficinas de ECI, Early Childhood Ireland, ONG socia del Proyecto que representa y da apoyo a m\u00e1s de 3.800 entornos de primera infancia en Irlanda, lo que supone m\u00e1s de 100.000 ni\u00f1as, ni\u00f1os menores de 6 a\u00f1os en todo el pa\u00eds.<\/p>\n<p style=\"text-align:justify\"><strong>ChildInMind<\/strong> es un proyecto que se desarrolla desde Octubre del 2016 hasta Marzo del 2019 y en el que se encuentran implicados 5 entidades socias de Italia, Eslovaquia, Grecia, Irlanda y Espa\u00f1a<\/p>\n<p style=\"text-align:justify\">Este proyecto pretende impulsar una Educaci\u00f3n y Formaci\u00f3n Profesional inclusiva y de calidad dirigida a cubrir las necesidades de cuidadores infantiles informales de todos los entornos sociales. El objetivo general es suplir la falta de recursos educativos disponibles para las y los cuidadores infantiles informales creando un itinerario flexible para el aprendizaje y el desarrollo de estos profesionales, generando un impacto positivo en la calidad de la atenci\u00f3n infantil (0-6 a\u00f1os) prestada en el hogar.<\/p>\n<p style=\"text-align:justify\">En este momento, tras la creaci\u00f3n de las unidades de aprendizaje, se est\u00e1 desarrollando un libro electr\u00f3nico y el curso en l\u00ednea de ChildInMind. Un m\u00e9todo moderno de formaci\u00f3n que ofrece al alumnado un aprendizaje flexible para la consolidaci\u00f3n de competencias para la atenci\u00f3n y el cuidado de la primera infancia en un contexto informal.<\/p>\n<p style=\"text-align:justify\">En Mayo del 2018 se realizar\u00e1 un Workshop en <a href=\"http:\/\/www.floridauniversitaria.es\" target=\"_blank\" rel=\"noopener noreferrer\">Florida Universit\u00e0ria<\/a> sobre el tema y los resultados del proyecto.<\/p>\n<p style=\"text-align:justify\">\u00a1Para obtener m\u00e1s informaci\u00f3n, visita <a href=\"http:\/\/www.childinmind-project.eu\/\" target=\"_blank\" rel=\"noopener noreferrer\">nuestra p\u00e1gina web<\/a>!<\/p>\n","protected":false},"excerpt":{"rendered":"<p>El pasado 5 de Diciembre, Sonia Renovell y Jos\u00e9 Paulo Costa viajaron a Irlanda para asistir a la reuni\u00f3n del proyecto Erasmus + KA2 02 ChildInMind &#8211; Self-learning resourses for informal childminders. Esta reuni\u00f3n tuvo lugar en Tallaght en las oficinas de ECI, Early Childhood Ireland, ONG socia del Proyecto que representa y da apoyo [&hellip;]<\/p>\n","protected":false},"author":14,"featured_media":0,"comment_status":"open","ping_status":"open","sticky":false,"template":"","format":"standard","meta":{"jetpack_post_was_ever_published":false,"_jetpack_newsletter_access":"","_jetpack_dont_email_post_to_subs":false,"_jetpack_newsletter_tier_id":0,"_jetpack_memberships_contains_paywalled_content":false,"_jetpack_memberships_contains_paid_content":false,"footnotes":"","jetpack_publicize_message":"","jetpack_publicize_feature_enabled":true,"jetpack_social_post_already_shared":true,"jetpack_social_options":{"image_generator_settings":{"template":"highway","default_image_id":0,"font":"","enabled":false},"version":2}},"categories":[4],"tags":[],"class_list":["post-3620","post","type-post","status-publish","format-standard","hentry","category-educacion"],"yoast_head":"<!-- This site is optimized with the Yoast SEO plugin v21.6 - https:\/\/yoast.com\/wordpress\/plugins\/seo\/ -->\n<title>Viaje a Dublin (Tallaght) - Experiencia Florida: Blog<\/title>\n<meta name=\"robots\" content=\"index, follow, max-snippet:-1, max-image-preview:large, max-video-preview:-1\" \/>\n<link rel=\"canonical\" href=\"https:\/\/blogs.florida.es\/floridauniversitariablog\/2017\/12\/viatge-a-dublin-tallaght\/\" \/>\n<meta property=\"og:locale\" content=\"es_ES\" \/>\n<meta property=\"og:type\" content=\"article\" \/>\n<meta property=\"og:title\" content=\"Viaje a Dublin (Tallaght) - Experiencia Florida: Blog\" \/>\n<meta property=\"og:description\" content=\"El pasado 5 de Diciembre, Sonia Renovell y Jos\u00e9 Paulo Costa viajaron a Irlanda para asistir a la reuni\u00f3n del proyecto Erasmus + KA2 02 ChildInMind &#8211; Self-learning resourses for informal childminders. Esta reuni\u00f3n tuvo lugar en Tallaght en las oficinas de ECI, Early Childhood Ireland, ONG socia del Proyecto que representa y da apoyo [&hellip;]\" \/>\n<meta property=\"og:url\" content=\"https:\/\/blogs.florida.es\/floridauniversitariablog\/2017\/12\/viatge-a-dublin-tallaght\/\" \/>\n<meta property=\"og:site_name\" content=\"Experiencia Florida: Blog\" \/>\n<meta property=\"article:published_time\" content=\"2017-12-28T08:16:31+00:00\" \/>\n<meta property=\"og:image\" content=\"https:\/\/floridauniversitariaeducacion.files.wordpress.com\/2017\/12\/noti-viatge-dublin.jpg\" \/>\n<meta name=\"author\" content=\"mtmoreno@florida.local\" \/>\n<meta name=\"twitter:card\" content=\"summary_large_image\" \/>\n<meta name=\"twitter:label1\" content=\"Escrito por\" \/>\n\t<meta name=\"twitter:data1\" content=\"mtmoreno@florida.local\" \/>\n\t<meta name=\"twitter:label2\" content=\"Tiempo de lectura\" \/>\n\t<meta name=\"twitter:data2\" content=\"1 minuto\" \/>\n<script type=\"application\/ld+json\" class=\"yoast-schema-graph\">{\"@context\":\"https:\/\/schema.org\",\"@graph\":[{\"@type\":\"WebPage\",\"@id\":\"https:\/\/blogs.florida.es\/floridauniversitariablog\/2017\/12\/viatge-a-dublin-tallaght\/\",\"url\":\"https:\/\/blogs.florida.es\/floridauniversitariablog\/2017\/12\/viatge-a-dublin-tallaght\/\",\"name\":\"Viaje a Dublin (Tallaght) - Experiencia Florida: Blog\",\"isPartOf\":{\"@id\":\"https:\/\/blogs.florida.es\/floridauniversitariablog\/#website\"},\"datePublished\":\"2017-12-28T08:16:31+00:00\",\"dateModified\":\"2017-12-28T08:16:31+00:00\",\"author\":{\"@id\":\"https:\/\/blogs.florida.es\/floridauniversitariablog\/#\/schema\/person\/b4f91174855694efbc637a78b3e74659\"},\"breadcrumb\":{\"@id\":\"https:\/\/blogs.florida.es\/floridauniversitariablog\/2017\/12\/viatge-a-dublin-tallaght\/#breadcrumb\"},\"inLanguage\":\"es\",\"potentialAction\":[{\"@type\":\"ReadAction\",\"target\":[\"https:\/\/blogs.florida.es\/floridauniversitariablog\/2017\/12\/viatge-a-dublin-tallaght\/\"]}]},{\"@type\":\"BreadcrumbList\",\"@id\":\"https:\/\/blogs.florida.es\/floridauniversitariablog\/2017\/12\/viatge-a-dublin-tallaght\/#breadcrumb\",\"itemListElement\":[{\"@type\":\"ListItem\",\"position\":1,\"name\":\"Portada\",\"item\":\"https:\/\/blogs.florida.es\/floridauniversitariablog\/\"},{\"@type\":\"ListItem\",\"position\":2,\"name\":\"Viaje a Dublin (Tallaght)\"}]},{\"@type\":\"WebSite\",\"@id\":\"https:\/\/blogs.florida.es\/floridauniversitariablog\/#website\",\"url\":\"https:\/\/blogs.florida.es\/floridauniversitariablog\/\",\"name\":\"Experiencia Florida: Blog\",\"description\":\"Experiencia Florida: Nuestro Blog\",\"potentialAction\":[{\"@type\":\"SearchAction\",\"target\":{\"@type\":\"EntryPoint\",\"urlTemplate\":\"https:\/\/blogs.florida.es\/floridauniversitariablog\/?s={search_term_string}\"},\"query-input\":\"required name=search_term_string\"}],\"inLanguage\":\"es\"},{\"@type\":\"Person\",\"@id\":\"https:\/\/blogs.florida.es\/floridauniversitariablog\/#\/schema\/person\/b4f91174855694efbc637a78b3e74659\",\"name\":\"mtmoreno@florida.local\",\"image\":{\"@type\":\"ImageObject\",\"inLanguage\":\"es\",\"@id\":\"https:\/\/blogs.florida.es\/floridauniversitariablog\/#\/schema\/person\/image\/\",\"url\":\"https:\/\/secure.gravatar.com\/avatar\/a292bf8f12a0bebd3ea5e24da579596fc0c0ed61528558850239ad4607f07411?s=96&d=mm&r=g\",\"contentUrl\":\"https:\/\/secure.gravatar.com\/avatar\/a292bf8f12a0bebd3ea5e24da579596fc0c0ed61528558850239ad4607f07411?s=96&d=mm&r=g\",\"caption\":\"mtmoreno@florida.local\"},\"url\":\"https:\/\/blogs.florida.es\/floridauniversitariablog\/author\/mtmoreno\/\"}]}<\/script>\n<!-- \/ Yoast SEO plugin. -->","yoast_head_json":{"title":"Viaje a Dublin (Tallaght) - Experiencia Florida: Blog","robots":{"index":"index","follow":"follow","max-snippet":"max-snippet:-1","max-image-preview":"max-image-preview:large","max-video-preview":"max-video-preview:-1"},"canonical":"https:\/\/blogs.florida.es\/floridauniversitariablog\/2017\/12\/viatge-a-dublin-tallaght\/","og_locale":"es_ES","og_type":"article","og_title":"Viaje a Dublin (Tallaght) - Experiencia Florida: Blog","og_description":"El pasado 5 de Diciembre, Sonia Renovell y Jos\u00e9 Paulo Costa viajaron a Irlanda para asistir a la reuni\u00f3n del proyecto Erasmus + KA2 02 ChildInMind &#8211; Self-learning resourses for informal childminders. Esta reuni\u00f3n tuvo lugar en Tallaght en las oficinas de ECI, Early Childhood Ireland, ONG socia del Proyecto que representa y da apoyo [&hellip;]","og_url":"https:\/\/blogs.florida.es\/floridauniversitariablog\/2017\/12\/viatge-a-dublin-tallaght\/","og_site_name":"Experiencia Florida: Blog","article_published_time":"2017-12-28T08:16:31+00:00","og_image":[{"url":"https:\/\/floridauniversitariaeducacion.files.wordpress.com\/2017\/12\/noti-viatge-dublin.jpg"}],"author":"mtmoreno@florida.local","twitter_card":"summary_large_image","twitter_misc":{"Escrito por":"mtmoreno@florida.local","Tiempo de lectura":"1 minuto"},"schema":{"@context":"https:\/\/schema.org","@graph":[{"@type":"WebPage","@id":"https:\/\/blogs.florida.es\/floridauniversitariablog\/2017\/12\/viatge-a-dublin-tallaght\/","url":"https:\/\/blogs.florida.es\/floridauniversitariablog\/2017\/12\/viatge-a-dublin-tallaght\/","name":"Viaje a Dublin (Tallaght) - Experiencia Florida: Blog","isPartOf":{"@id":"https:\/\/blogs.florida.es\/floridauniversitariablog\/#website"},"datePublished":"2017-12-28T08:16:31+00:00","dateModified":"2017-12-28T08:16:31+00:00","author":{"@id":"https:\/\/blogs.florida.es\/floridauniversitariablog\/#\/schema\/person\/b4f91174855694efbc637a78b3e74659"},"breadcrumb":{"@id":"https:\/\/blogs.florida.es\/floridauniversitariablog\/2017\/12\/viatge-a-dublin-tallaght\/#breadcrumb"},"inLanguage":"es","potentialAction":[{"@type":"ReadAction","target":["https:\/\/blogs.florida.es\/floridauniversitariablog\/2017\/12\/viatge-a-dublin-tallaght\/"]}]},{"@type":"BreadcrumbList","@id":"https:\/\/blogs.florida.es\/floridauniversitariablog\/2017\/12\/viatge-a-dublin-tallaght\/#breadcrumb","itemListElement":[{"@type":"ListItem","position":1,"name":"Portada","item":"https:\/\/blogs.florida.es\/floridauniversitariablog\/"},{"@type":"ListItem","position":2,"name":"Viaje a Dublin (Tallaght)"}]},{"@type":"WebSite","@id":"https:\/\/blogs.florida.es\/floridauniversitariablog\/#website","url":"https:\/\/blogs.florida.es\/floridauniversitariablog\/","name":"Experiencia Florida: Blog","description":"Experiencia Florida: Nuestro Blog","potentialAction":[{"@type":"SearchAction","target":{"@type":"EntryPoint","urlTemplate":"https:\/\/blogs.florida.es\/floridauniversitariablog\/?s={search_term_string}"},"query-input":"required name=search_term_string"}],"inLanguage":"es"},{"@type":"Person","@id":"https:\/\/blogs.florida.es\/floridauniversitariablog\/#\/schema\/person\/b4f91174855694efbc637a78b3e74659","name":"mtmoreno@florida.local","image":{"@type":"ImageObject","inLanguage":"es","@id":"https:\/\/blogs.florida.es\/floridauniversitariablog\/#\/schema\/person\/image\/","url":"https:\/\/secure.gravatar.com\/avatar\/a292bf8f12a0bebd3ea5e24da579596fc0c0ed61528558850239ad4607f07411?s=96&d=mm&r=g","contentUrl":"https:\/\/secure.gravatar.com\/avatar\/a292bf8f12a0bebd3ea5e24da579596fc0c0ed61528558850239ad4607f07411?s=96&d=mm&r=g","caption":"mtmoreno@florida.local"},"url":"https:\/\/blogs.florida.es\/floridauniversitariablog\/author\/mtmoreno\/"}]}},"jetpack_publicize_connections":[],"jetpack_featured_media_url":"","jetpack_sharing_enabled":true,"jetpack_shortlink":"https:\/\/wp.me\/pau61W-Wo","post_mailing_queue_ids":[],"_links":{"self":[{"href":"https:\/\/blogs.florida.es\/floridauniversitariablog\/wp-json\/wp\/v2\/posts\/3620","targetHints":{"allow":["GET"]}}],"collection":[{"href":"https:\/\/blogs.florida.es\/floridauniversitariablog\/wp-json\/wp\/v2\/posts"}],"about":[{"href":"https:\/\/blogs.florida.es\/floridauniversitariablog\/wp-json\/wp\/v2\/types\/post"}],"author":[{"embeddable":true,"href":"https:\/\/blogs.florida.es\/floridauniversitariablog\/wp-json\/wp\/v2\/users\/14"}],"replies":[{"embeddable":true,"href":"https:\/\/blogs.florida.es\/floridauniversitariablog\/wp-json\/wp\/v2\/comments?post=3620"}],"version-history":[{"count":0,"href":"https:\/\/blogs.florida.es\/floridauniversitariablog\/wp-json\/wp\/v2\/posts\/3620\/revisions"}],"wp:attachment":[{"href":"https:\/\/blogs.florida.es\/floridauniversitariablog\/wp-json\/wp\/v2\/media?parent=3620"}],"wp:term":[{"taxonomy":"category","embeddable":true,"href":"https:\/\/blogs.florida.es\/floridauniversitariablog\/wp-json\/wp\/v2\/categories?post=3620"},{"taxonomy":"post_tag","embeddable":true,"href":"https:\/\/blogs.florida.es\/floridauniversitariablog\/wp-json\/wp\/v2\/tags?post=3620"}],"curies":[{"name":"wp","href":"https:\/\/api.w.org\/{rel}","templated":true}]}}