{"id":3738,"date":"2018-03-13T11:31:58","date_gmt":"2018-03-13T10:31:58","guid":{"rendered":"https:\/\/floridauniversitariaeducacion.wordpress.com\/?p=3738"},"modified":"2018-03-13T11:31:58","modified_gmt":"2018-03-13T10:31:58","slug":"profesorado-de-florida-universitaria-aborda-la-doble-discriminacion-de-la-etnia-gitana-con-expertos-internacionales","status":"publish","type":"post","link":"https:\/\/blogs.florida.es\/floridauniversitariablog\/2018\/03\/profesorado-de-florida-universitaria-aborda-la-doble-discriminacion-de-la-etnia-gitana-con-expertos-internacionales\/","title":{"rendered":"Profesorado de Florida Universit\u00e0ria aborda la doble discriminaci\u00f3n de la etnia gitana con expertos internacionales"},"content":{"rendered":"<p style=\"text-align:justify\"><a href=\"https:\/\/floridauniversitariaeducacion.files.wordpress.com\/2017\/12\/logo-pal.jpg\"><img loading=\"lazy\" decoding=\"async\" class=\"alignleft size-full wp-image-3589\" src=\"https:\/\/floridauniversitariaeducacion.files.wordpress.com\/2017\/12\/logo-pal.jpg\" alt=\"\" width=\"280\" height=\"151\" \/><\/a>El grupo de investigaci\u00f3n\u00a0 del proyecto internacional\u00a0<strong>PAL<\/strong>, en el que participa <a href=\"http:\/\/www.floridauniversitaria.es\" target=\"_blank\" rel=\"noopener noreferrer\">Florida Universit\u00e0ria<\/a>, ha presentado una comunicaci\u00f3n en el Congreso Internacional <strong>INTED18<\/strong>. Bajo el nombre <em>\u201cE<\/em><em>ducation and empowerment of the roma collective\u201d<\/em>, el profesorado profundiza en el empoderamiento de las mujeres de cultura gitana.<\/p>\n<p style=\"text-align:justify\">En la comunicaci\u00f3n, el equipo docente -formado por <strong>Carmen Campos, V\u00edctor Soler, Laura Uixera, Mavi Corell y Carlos G\u00f3mez<\/strong>&#8211; muestra la doble discriminaci\u00f3n que sufren las mujeres gitanas: por su \u00e9tnica y de g\u00e9nero, un fen\u00f3meno que se registra no s\u00f3lo en el mundo \u00abpayo\u00bb, sino tambi\u00e9n en su propia cultura patriarcal.<\/p>\n<p style=\"text-align:justify\">El profesorado de Florida Universit\u00e0ria concluye en su comunicaci\u00f3n que, pese a estos obst\u00e1culos, la movilizaci\u00f3n de las mujeres gitanas est\u00e1 avanzando, a trav\u00e9s de diferentes asociaciones, como <strong>Fundaci\u00f3n Artemisa<\/strong>, que organiz\u00f3 las primeras jornadas feministas de cultura gitana, el pasado mes de octubre, y<strong> Secretariado Gitano<\/strong>, as\u00ed como a trav\u00e9s de centros escolares que realizan buenas pr\u00e1cticas de inclusi\u00f3n, como el colegio <strong>Santiago Apostol del Cabanyal.<\/strong><\/p>\n<p style=\"text-align:justify\">El centro universitario valenciano trabaja para promover la integraci\u00f3n del pueblo gitano con instituciones europeas y centros educativos. Con esta estrategia global, se abordan cuestiones en materias como la educaci\u00f3n y el empleo, con el fin de acelerar la inclusi\u00f3n social de la comunidad gitana, en particular, de sus j\u00f3venes.<\/p>\n","protected":false},"excerpt":{"rendered":"<p>El grupo de investigaci\u00f3n\u00a0 del proyecto internacional\u00a0PAL, en el que participa Florida Universit\u00e0ria, ha presentado una comunicaci\u00f3n en el Congreso Internacional INTED18. Bajo el nombre \u201cEducation and empowerment of the roma collective\u201d, el profesorado profundiza en el empoderamiento de las mujeres de cultura gitana. En la comunicaci\u00f3n, el equipo docente -formado por Carmen Campos, V\u00edctor [&hellip;]<\/p>\n","protected":false},"author":14,"featured_media":0,"comment_status":"open","ping_status":"open","sticky":false,"template":"","format":"standard","meta":{"jetpack_post_was_ever_published":false,"_jetpack_newsletter_access":"","_jetpack_dont_email_post_to_subs":false,"_jetpack_newsletter_tier_id":0,"_jetpack_memberships_contains_paywalled_content":false,"_jetpack_memberships_contains_paid_content":false,"footnotes":"","jetpack_publicize_message":"","jetpack_publicize_feature_enabled":true,"jetpack_social_post_already_shared":true,"jetpack_social_options":{"image_generator_settings":{"template":"highway","default_image_id":0,"font":"","enabled":false},"version":2}},"categories":[4],"tags":[],"class_list":["post-3738","post","type-post","status-publish","format-standard","hentry","category-educacion"],"yoast_head":"<!-- This site is optimized with the Yoast SEO plugin v21.6 - https:\/\/yoast.com\/wordpress\/plugins\/seo\/ -->\n<title>Profesorado de Florida Universit\u00e0ria aborda la doble discriminaci\u00f3n de la etnia gitana con expertos internacionales - Experiencia Florida: Blog<\/title>\n<meta name=\"robots\" content=\"index, follow, max-snippet:-1, max-image-preview:large, max-video-preview:-1\" \/>\n<link rel=\"canonical\" href=\"https:\/\/blogs.florida.es\/floridauniversitariablog\/2018\/03\/profesorado-de-florida-universitaria-aborda-la-doble-discriminacion-de-la-etnia-gitana-con-expertos-internacionales\/\" \/>\n<meta property=\"og:locale\" content=\"es_ES\" \/>\n<meta property=\"og:type\" content=\"article\" \/>\n<meta property=\"og:title\" content=\"Profesorado de Florida Universit\u00e0ria aborda la doble discriminaci\u00f3n de la etnia gitana con expertos internacionales - Experiencia Florida: Blog\" \/>\n<meta property=\"og:description\" content=\"El grupo de investigaci\u00f3n\u00a0 del proyecto internacional\u00a0PAL, en el que participa Florida Universit\u00e0ria, ha presentado una comunicaci\u00f3n en el Congreso Internacional INTED18. Bajo el nombre \u201cEducation and empowerment of the roma collective\u201d, el profesorado profundiza en el empoderamiento de las mujeres de cultura gitana. En la comunicaci\u00f3n, el equipo docente -formado por Carmen Campos, V\u00edctor [&hellip;]\" \/>\n<meta property=\"og:url\" content=\"https:\/\/blogs.florida.es\/floridauniversitariablog\/2018\/03\/profesorado-de-florida-universitaria-aborda-la-doble-discriminacion-de-la-etnia-gitana-con-expertos-internacionales\/\" \/>\n<meta property=\"og:site_name\" content=\"Experiencia Florida: Blog\" \/>\n<meta property=\"article:published_time\" content=\"2018-03-13T10:31:58+00:00\" \/>\n<meta property=\"og:image\" content=\"https:\/\/floridauniversitariaeducacion.files.wordpress.com\/2017\/12\/logo-pal.jpg\" \/>\n<meta name=\"author\" content=\"mtmoreno@florida.local\" \/>\n<meta name=\"twitter:card\" content=\"summary_large_image\" \/>\n<meta name=\"twitter:label1\" content=\"Escrito por\" \/>\n\t<meta name=\"twitter:data1\" content=\"mtmoreno@florida.local\" \/>\n\t<meta name=\"twitter:label2\" content=\"Tiempo de lectura\" \/>\n\t<meta name=\"twitter:data2\" content=\"1 minuto\" \/>\n<script type=\"application\/ld+json\" class=\"yoast-schema-graph\">{\"@context\":\"https:\/\/schema.org\",\"@graph\":[{\"@type\":\"WebPage\",\"@id\":\"https:\/\/blogs.florida.es\/floridauniversitariablog\/2018\/03\/profesorado-de-florida-universitaria-aborda-la-doble-discriminacion-de-la-etnia-gitana-con-expertos-internacionales\/\",\"url\":\"https:\/\/blogs.florida.es\/floridauniversitariablog\/2018\/03\/profesorado-de-florida-universitaria-aborda-la-doble-discriminacion-de-la-etnia-gitana-con-expertos-internacionales\/\",\"name\":\"Profesorado de Florida Universit\u00e0ria aborda la doble discriminaci\u00f3n de la etnia gitana con expertos internacionales - Experiencia Florida: Blog\",\"isPartOf\":{\"@id\":\"https:\/\/blogs.florida.es\/floridauniversitariablog\/#website\"},\"datePublished\":\"2018-03-13T10:31:58+00:00\",\"dateModified\":\"2018-03-13T10:31:58+00:00\",\"author\":{\"@id\":\"https:\/\/blogs.florida.es\/floridauniversitariablog\/#\/schema\/person\/b4f91174855694efbc637a78b3e74659\"},\"breadcrumb\":{\"@id\":\"https:\/\/blogs.florida.es\/floridauniversitariablog\/2018\/03\/profesorado-de-florida-universitaria-aborda-la-doble-discriminacion-de-la-etnia-gitana-con-expertos-internacionales\/#breadcrumb\"},\"inLanguage\":\"es\",\"potentialAction\":[{\"@type\":\"ReadAction\",\"target\":[\"https:\/\/blogs.florida.es\/floridauniversitariablog\/2018\/03\/profesorado-de-florida-universitaria-aborda-la-doble-discriminacion-de-la-etnia-gitana-con-expertos-internacionales\/\"]}]},{\"@type\":\"BreadcrumbList\",\"@id\":\"https:\/\/blogs.florida.es\/floridauniversitariablog\/2018\/03\/profesorado-de-florida-universitaria-aborda-la-doble-discriminacion-de-la-etnia-gitana-con-expertos-internacionales\/#breadcrumb\",\"itemListElement\":[{\"@type\":\"ListItem\",\"position\":1,\"name\":\"Portada\",\"item\":\"https:\/\/blogs.florida.es\/floridauniversitariablog\/\"},{\"@type\":\"ListItem\",\"position\":2,\"name\":\"Profesorado de Florida Universit\u00e0ria aborda la doble discriminaci\u00f3n de la etnia gitana con expertos internacionales\"}]},{\"@type\":\"WebSite\",\"@id\":\"https:\/\/blogs.florida.es\/floridauniversitariablog\/#website\",\"url\":\"https:\/\/blogs.florida.es\/floridauniversitariablog\/\",\"name\":\"Experiencia Florida: Blog\",\"description\":\"Experiencia Florida: Nuestro Blog\",\"potentialAction\":[{\"@type\":\"SearchAction\",\"target\":{\"@type\":\"EntryPoint\",\"urlTemplate\":\"https:\/\/blogs.florida.es\/floridauniversitariablog\/?s={search_term_string}\"},\"query-input\":\"required name=search_term_string\"}],\"inLanguage\":\"es\"},{\"@type\":\"Person\",\"@id\":\"https:\/\/blogs.florida.es\/floridauniversitariablog\/#\/schema\/person\/b4f91174855694efbc637a78b3e74659\",\"name\":\"mtmoreno@florida.local\",\"image\":{\"@type\":\"ImageObject\",\"inLanguage\":\"es\",\"@id\":\"https:\/\/blogs.florida.es\/floridauniversitariablog\/#\/schema\/person\/image\/\",\"url\":\"https:\/\/secure.gravatar.com\/avatar\/a292bf8f12a0bebd3ea5e24da579596fc0c0ed61528558850239ad4607f07411?s=96&d=mm&r=g\",\"contentUrl\":\"https:\/\/secure.gravatar.com\/avatar\/a292bf8f12a0bebd3ea5e24da579596fc0c0ed61528558850239ad4607f07411?s=96&d=mm&r=g\",\"caption\":\"mtmoreno@florida.local\"},\"url\":\"https:\/\/blogs.florida.es\/floridauniversitariablog\/author\/mtmoreno\/\"}]}<\/script>\n<!-- \/ Yoast SEO plugin. -->","yoast_head_json":{"title":"Profesorado de Florida Universit\u00e0ria aborda la doble discriminaci\u00f3n de la etnia gitana con expertos internacionales - Experiencia Florida: Blog","robots":{"index":"index","follow":"follow","max-snippet":"max-snippet:-1","max-image-preview":"max-image-preview:large","max-video-preview":"max-video-preview:-1"},"canonical":"https:\/\/blogs.florida.es\/floridauniversitariablog\/2018\/03\/profesorado-de-florida-universitaria-aborda-la-doble-discriminacion-de-la-etnia-gitana-con-expertos-internacionales\/","og_locale":"es_ES","og_type":"article","og_title":"Profesorado de Florida Universit\u00e0ria aborda la doble discriminaci\u00f3n de la etnia gitana con expertos internacionales - Experiencia Florida: Blog","og_description":"El grupo de investigaci\u00f3n\u00a0 del proyecto internacional\u00a0PAL, en el que participa Florida Universit\u00e0ria, ha presentado una comunicaci\u00f3n en el Congreso Internacional INTED18. Bajo el nombre \u201cEducation and empowerment of the roma collective\u201d, el profesorado profundiza en el empoderamiento de las mujeres de cultura gitana. En la comunicaci\u00f3n, el equipo docente -formado por Carmen Campos, V\u00edctor [&hellip;]","og_url":"https:\/\/blogs.florida.es\/floridauniversitariablog\/2018\/03\/profesorado-de-florida-universitaria-aborda-la-doble-discriminacion-de-la-etnia-gitana-con-expertos-internacionales\/","og_site_name":"Experiencia Florida: Blog","article_published_time":"2018-03-13T10:31:58+00:00","og_image":[{"url":"https:\/\/floridauniversitariaeducacion.files.wordpress.com\/2017\/12\/logo-pal.jpg"}],"author":"mtmoreno@florida.local","twitter_card":"summary_large_image","twitter_misc":{"Escrito por":"mtmoreno@florida.local","Tiempo de lectura":"1 minuto"},"schema":{"@context":"https:\/\/schema.org","@graph":[{"@type":"WebPage","@id":"https:\/\/blogs.florida.es\/floridauniversitariablog\/2018\/03\/profesorado-de-florida-universitaria-aborda-la-doble-discriminacion-de-la-etnia-gitana-con-expertos-internacionales\/","url":"https:\/\/blogs.florida.es\/floridauniversitariablog\/2018\/03\/profesorado-de-florida-universitaria-aborda-la-doble-discriminacion-de-la-etnia-gitana-con-expertos-internacionales\/","name":"Profesorado de Florida Universit\u00e0ria aborda la doble discriminaci\u00f3n de la etnia gitana con expertos internacionales - Experiencia Florida: Blog","isPartOf":{"@id":"https:\/\/blogs.florida.es\/floridauniversitariablog\/#website"},"datePublished":"2018-03-13T10:31:58+00:00","dateModified":"2018-03-13T10:31:58+00:00","author":{"@id":"https:\/\/blogs.florida.es\/floridauniversitariablog\/#\/schema\/person\/b4f91174855694efbc637a78b3e74659"},"breadcrumb":{"@id":"https:\/\/blogs.florida.es\/floridauniversitariablog\/2018\/03\/profesorado-de-florida-universitaria-aborda-la-doble-discriminacion-de-la-etnia-gitana-con-expertos-internacionales\/#breadcrumb"},"inLanguage":"es","potentialAction":[{"@type":"ReadAction","target":["https:\/\/blogs.florida.es\/floridauniversitariablog\/2018\/03\/profesorado-de-florida-universitaria-aborda-la-doble-discriminacion-de-la-etnia-gitana-con-expertos-internacionales\/"]}]},{"@type":"BreadcrumbList","@id":"https:\/\/blogs.florida.es\/floridauniversitariablog\/2018\/03\/profesorado-de-florida-universitaria-aborda-la-doble-discriminacion-de-la-etnia-gitana-con-expertos-internacionales\/#breadcrumb","itemListElement":[{"@type":"ListItem","position":1,"name":"Portada","item":"https:\/\/blogs.florida.es\/floridauniversitariablog\/"},{"@type":"ListItem","position":2,"name":"Profesorado de Florida Universit\u00e0ria aborda la doble discriminaci\u00f3n de la etnia gitana con expertos internacionales"}]},{"@type":"WebSite","@id":"https:\/\/blogs.florida.es\/floridauniversitariablog\/#website","url":"https:\/\/blogs.florida.es\/floridauniversitariablog\/","name":"Experiencia Florida: Blog","description":"Experiencia Florida: Nuestro Blog","potentialAction":[{"@type":"SearchAction","target":{"@type":"EntryPoint","urlTemplate":"https:\/\/blogs.florida.es\/floridauniversitariablog\/?s={search_term_string}"},"query-input":"required name=search_term_string"}],"inLanguage":"es"},{"@type":"Person","@id":"https:\/\/blogs.florida.es\/floridauniversitariablog\/#\/schema\/person\/b4f91174855694efbc637a78b3e74659","name":"mtmoreno@florida.local","image":{"@type":"ImageObject","inLanguage":"es","@id":"https:\/\/blogs.florida.es\/floridauniversitariablog\/#\/schema\/person\/image\/","url":"https:\/\/secure.gravatar.com\/avatar\/a292bf8f12a0bebd3ea5e24da579596fc0c0ed61528558850239ad4607f07411?s=96&d=mm&r=g","contentUrl":"https:\/\/secure.gravatar.com\/avatar\/a292bf8f12a0bebd3ea5e24da579596fc0c0ed61528558850239ad4607f07411?s=96&d=mm&r=g","caption":"mtmoreno@florida.local"},"url":"https:\/\/blogs.florida.es\/floridauniversitariablog\/author\/mtmoreno\/"}]}},"jetpack_publicize_connections":[],"jetpack_featured_media_url":"","jetpack_sharing_enabled":true,"jetpack_shortlink":"https:\/\/wp.me\/pau61W-Yi","post_mailing_queue_ids":[],"_links":{"self":[{"href":"https:\/\/blogs.florida.es\/floridauniversitariablog\/wp-json\/wp\/v2\/posts\/3738","targetHints":{"allow":["GET"]}}],"collection":[{"href":"https:\/\/blogs.florida.es\/floridauniversitariablog\/wp-json\/wp\/v2\/posts"}],"about":[{"href":"https:\/\/blogs.florida.es\/floridauniversitariablog\/wp-json\/wp\/v2\/types\/post"}],"author":[{"embeddable":true,"href":"https:\/\/blogs.florida.es\/floridauniversitariablog\/wp-json\/wp\/v2\/users\/14"}],"replies":[{"embeddable":true,"href":"https:\/\/blogs.florida.es\/floridauniversitariablog\/wp-json\/wp\/v2\/comments?post=3738"}],"version-history":[{"count":0,"href":"https:\/\/blogs.florida.es\/floridauniversitariablog\/wp-json\/wp\/v2\/posts\/3738\/revisions"}],"wp:attachment":[{"href":"https:\/\/blogs.florida.es\/floridauniversitariablog\/wp-json\/wp\/v2\/media?parent=3738"}],"wp:term":[{"taxonomy":"category","embeddable":true,"href":"https:\/\/blogs.florida.es\/floridauniversitariablog\/wp-json\/wp\/v2\/categories?post=3738"},{"taxonomy":"post_tag","embeddable":true,"href":"https:\/\/blogs.florida.es\/floridauniversitariablog\/wp-json\/wp\/v2\/tags?post=3738"}],"curies":[{"name":"wp","href":"https:\/\/api.w.org\/{rel}","templated":true}]}}