{"id":3802,"date":"2018-04-23T08:59:12","date_gmt":"2018-04-23T07:59:12","guid":{"rendered":"https:\/\/floridauniversitariaeducacion.wordpress.com\/?p=3802"},"modified":"2018-04-23T08:59:12","modified_gmt":"2018-04-23T07:59:12","slug":"walking-in-my-shoes","status":"publish","type":"post","link":"https:\/\/blogs.florida.es\/floridauniversitariablog\/2018\/04\/walking-in-my-shoes\/","title":{"rendered":"Walking in my shoes"},"content":{"rendered":"<div style=\"text-align:justify\"><span style=\"font-size:medium\">La passada setmana l&#8217;alumnat de la menci\u00f3 de de llengua estrangera d&#8217;Educaci\u00f3 Prim\u00e0ria ha dut a terme el segon projecte \u00abWalking in my Shoes\u00bb de l&#8217;assignatura de Cultura a l&#8217;Ensenyament de Lleng\u00fces Estrangeres. En el marc d&#8217;aquest projecte l&#8217;alumnat\u00a0 de la menci\u00f3 ha fet<\/span><span style=\"font-size:medium\">\u00a0classe\u00a0 a l&#8217;alumnat de 2n del mateix grau. Han sigut\u00a0<\/span><span style=\"font-size:medium\">dues sessions orientades a\u00a0<\/span><span style=\"font-size:medium\">millorar la compet\u00e8ncia intercultural dels seus companys i companyes<\/span><span style=\"font-size:medium\">. D&#8217;aquesta manera,<\/span><span style=\"font-size:medium\">\u00a0l&#8217;alumnat ha pogut adquirir coneixements, posar en pr\u00e0ctiques destreses i reflexionar sobre les seues actituds i creences al voltant d&#8217;Austr\u00e0lia. Aquestes sessions han estat molt ben valorades tant per l&#8217;alumnat de 3r que ha fet de mestres d&#8217;angl\u00e9s com l&#8217;alumnat de 2n que ha fet d&#8217;alumnat.<\/span><\/div>\n<div><\/div>\n<div><img loading=\"lazy\" decoding=\"async\" class=\"alignnone size-full wp-image-3803\" src=\"https:\/\/floridauniversitariaeducacion.files.wordpress.com\/2018\/04\/img_20180417_120852.jpg\" alt=\"IMG_20180417_120852\" width=\"3264\" height=\"2448\" \/><\/div>\n","protected":false},"excerpt":{"rendered":"<p>La passada setmana l&#8217;alumnat de la menci\u00f3 de de llengua estrangera d&#8217;Educaci\u00f3 Prim\u00e0ria ha dut a terme el segon projecte \u00abWalking in my Shoes\u00bb de l&#8217;assignatura de Cultura a l&#8217;Ensenyament de Lleng\u00fces Estrangeres. En el marc d&#8217;aquest projecte l&#8217;alumnat\u00a0 de la menci\u00f3 ha fet\u00a0classe\u00a0 a l&#8217;alumnat de 2n del mateix grau. Han sigut\u00a0dues sessions orientades [&hellip;]<\/p>\n","protected":false},"author":14,"featured_media":0,"comment_status":"open","ping_status":"open","sticky":false,"template":"","format":"standard","meta":{"jetpack_post_was_ever_published":false,"_jetpack_newsletter_access":"","_jetpack_dont_email_post_to_subs":false,"_jetpack_newsletter_tier_id":0,"_jetpack_memberships_contains_paywalled_content":false,"_jetpack_memberships_contains_paid_content":false,"footnotes":"","jetpack_publicize_message":"","jetpack_publicize_feature_enabled":true,"jetpack_social_post_already_shared":true,"jetpack_social_options":{"image_generator_settings":{"template":"highway","default_image_id":0,"font":"","enabled":false},"version":2}},"categories":[4],"tags":[560,315,561,432],"class_list":["post-3802","post","type-post","status-publish","format-standard","hentry","category-educacion","tag-competencia-intercultural","tag-didactica-de-langles","tag-le","tag-llengua-estrangera"],"yoast_head":"<!-- This site is optimized with the Yoast SEO plugin v21.6 - https:\/\/yoast.com\/wordpress\/plugins\/seo\/ -->\n<title>Walking in my shoes - Experiencia Florida: Blog<\/title>\n<meta name=\"robots\" content=\"index, follow, max-snippet:-1, max-image-preview:large, max-video-preview:-1\" \/>\n<link rel=\"canonical\" href=\"https:\/\/blogs.florida.es\/floridauniversitariablog\/2018\/04\/walking-in-my-shoes\/\" \/>\n<meta property=\"og:locale\" content=\"es_ES\" \/>\n<meta property=\"og:type\" content=\"article\" \/>\n<meta property=\"og:title\" content=\"Walking in my shoes - Experiencia Florida: Blog\" \/>\n<meta property=\"og:description\" content=\"La passada setmana l&#8217;alumnat de la menci\u00f3 de de llengua estrangera d&#8217;Educaci\u00f3 Prim\u00e0ria ha dut a terme el segon projecte \u00abWalking in my Shoes\u00bb de l&#8217;assignatura de Cultura a l&#8217;Ensenyament de Lleng\u00fces Estrangeres. En el marc d&#8217;aquest projecte l&#8217;alumnat\u00a0 de la menci\u00f3 ha fet\u00a0classe\u00a0 a l&#8217;alumnat de 2n del mateix grau. Han sigut\u00a0dues sessions orientades [&hellip;]\" \/>\n<meta property=\"og:url\" content=\"https:\/\/blogs.florida.es\/floridauniversitariablog\/2018\/04\/walking-in-my-shoes\/\" \/>\n<meta property=\"og:site_name\" content=\"Experiencia Florida: Blog\" \/>\n<meta property=\"article:published_time\" content=\"2018-04-23T07:59:12+00:00\" \/>\n<meta property=\"og:image\" content=\"https:\/\/floridauniversitariaeducacion.files.wordpress.com\/2018\/04\/img_20180417_120852.jpg\" \/>\n<meta name=\"author\" content=\"mtmoreno@florida.local\" \/>\n<meta name=\"twitter:card\" content=\"summary_large_image\" \/>\n<meta name=\"twitter:label1\" content=\"Escrito por\" \/>\n\t<meta name=\"twitter:data1\" content=\"mtmoreno@florida.local\" \/>\n\t<meta name=\"twitter:label2\" content=\"Tiempo de lectura\" \/>\n\t<meta name=\"twitter:data2\" content=\"1 minuto\" \/>\n<script type=\"application\/ld+json\" class=\"yoast-schema-graph\">{\"@context\":\"https:\/\/schema.org\",\"@graph\":[{\"@type\":\"WebPage\",\"@id\":\"https:\/\/blogs.florida.es\/floridauniversitariablog\/2018\/04\/walking-in-my-shoes\/\",\"url\":\"https:\/\/blogs.florida.es\/floridauniversitariablog\/2018\/04\/walking-in-my-shoes\/\",\"name\":\"Walking in my shoes - Experiencia Florida: Blog\",\"isPartOf\":{\"@id\":\"https:\/\/blogs.florida.es\/floridauniversitariablog\/#website\"},\"datePublished\":\"2018-04-23T07:59:12+00:00\",\"dateModified\":\"2018-04-23T07:59:12+00:00\",\"author\":{\"@id\":\"https:\/\/blogs.florida.es\/floridauniversitariablog\/#\/schema\/person\/b4f91174855694efbc637a78b3e74659\"},\"breadcrumb\":{\"@id\":\"https:\/\/blogs.florida.es\/floridauniversitariablog\/2018\/04\/walking-in-my-shoes\/#breadcrumb\"},\"inLanguage\":\"es\",\"potentialAction\":[{\"@type\":\"ReadAction\",\"target\":[\"https:\/\/blogs.florida.es\/floridauniversitariablog\/2018\/04\/walking-in-my-shoes\/\"]}]},{\"@type\":\"BreadcrumbList\",\"@id\":\"https:\/\/blogs.florida.es\/floridauniversitariablog\/2018\/04\/walking-in-my-shoes\/#breadcrumb\",\"itemListElement\":[{\"@type\":\"ListItem\",\"position\":1,\"name\":\"Portada\",\"item\":\"https:\/\/blogs.florida.es\/floridauniversitariablog\/\"},{\"@type\":\"ListItem\",\"position\":2,\"name\":\"Walking in my shoes\"}]},{\"@type\":\"WebSite\",\"@id\":\"https:\/\/blogs.florida.es\/floridauniversitariablog\/#website\",\"url\":\"https:\/\/blogs.florida.es\/floridauniversitariablog\/\",\"name\":\"Experiencia Florida: Blog\",\"description\":\"Experiencia Florida: Nuestro Blog\",\"potentialAction\":[{\"@type\":\"SearchAction\",\"target\":{\"@type\":\"EntryPoint\",\"urlTemplate\":\"https:\/\/blogs.florida.es\/floridauniversitariablog\/?s={search_term_string}\"},\"query-input\":\"required name=search_term_string\"}],\"inLanguage\":\"es\"},{\"@type\":\"Person\",\"@id\":\"https:\/\/blogs.florida.es\/floridauniversitariablog\/#\/schema\/person\/b4f91174855694efbc637a78b3e74659\",\"name\":\"mtmoreno@florida.local\",\"image\":{\"@type\":\"ImageObject\",\"inLanguage\":\"es\",\"@id\":\"https:\/\/blogs.florida.es\/floridauniversitariablog\/#\/schema\/person\/image\/\",\"url\":\"https:\/\/secure.gravatar.com\/avatar\/a292bf8f12a0bebd3ea5e24da579596fc0c0ed61528558850239ad4607f07411?s=96&d=mm&r=g\",\"contentUrl\":\"https:\/\/secure.gravatar.com\/avatar\/a292bf8f12a0bebd3ea5e24da579596fc0c0ed61528558850239ad4607f07411?s=96&d=mm&r=g\",\"caption\":\"mtmoreno@florida.local\"},\"url\":\"https:\/\/blogs.florida.es\/floridauniversitariablog\/author\/mtmoreno\/\"}]}<\/script>\n<!-- \/ Yoast SEO plugin. -->","yoast_head_json":{"title":"Walking in my shoes - Experiencia Florida: Blog","robots":{"index":"index","follow":"follow","max-snippet":"max-snippet:-1","max-image-preview":"max-image-preview:large","max-video-preview":"max-video-preview:-1"},"canonical":"https:\/\/blogs.florida.es\/floridauniversitariablog\/2018\/04\/walking-in-my-shoes\/","og_locale":"es_ES","og_type":"article","og_title":"Walking in my shoes - Experiencia Florida: Blog","og_description":"La passada setmana l&#8217;alumnat de la menci\u00f3 de de llengua estrangera d&#8217;Educaci\u00f3 Prim\u00e0ria ha dut a terme el segon projecte \u00abWalking in my Shoes\u00bb de l&#8217;assignatura de Cultura a l&#8217;Ensenyament de Lleng\u00fces Estrangeres. En el marc d&#8217;aquest projecte l&#8217;alumnat\u00a0 de la menci\u00f3 ha fet\u00a0classe\u00a0 a l&#8217;alumnat de 2n del mateix grau. Han sigut\u00a0dues sessions orientades [&hellip;]","og_url":"https:\/\/blogs.florida.es\/floridauniversitariablog\/2018\/04\/walking-in-my-shoes\/","og_site_name":"Experiencia Florida: Blog","article_published_time":"2018-04-23T07:59:12+00:00","og_image":[{"url":"https:\/\/floridauniversitariaeducacion.files.wordpress.com\/2018\/04\/img_20180417_120852.jpg"}],"author":"mtmoreno@florida.local","twitter_card":"summary_large_image","twitter_misc":{"Escrito por":"mtmoreno@florida.local","Tiempo de lectura":"1 minuto"},"schema":{"@context":"https:\/\/schema.org","@graph":[{"@type":"WebPage","@id":"https:\/\/blogs.florida.es\/floridauniversitariablog\/2018\/04\/walking-in-my-shoes\/","url":"https:\/\/blogs.florida.es\/floridauniversitariablog\/2018\/04\/walking-in-my-shoes\/","name":"Walking in my shoes - Experiencia Florida: Blog","isPartOf":{"@id":"https:\/\/blogs.florida.es\/floridauniversitariablog\/#website"},"datePublished":"2018-04-23T07:59:12+00:00","dateModified":"2018-04-23T07:59:12+00:00","author":{"@id":"https:\/\/blogs.florida.es\/floridauniversitariablog\/#\/schema\/person\/b4f91174855694efbc637a78b3e74659"},"breadcrumb":{"@id":"https:\/\/blogs.florida.es\/floridauniversitariablog\/2018\/04\/walking-in-my-shoes\/#breadcrumb"},"inLanguage":"es","potentialAction":[{"@type":"ReadAction","target":["https:\/\/blogs.florida.es\/floridauniversitariablog\/2018\/04\/walking-in-my-shoes\/"]}]},{"@type":"BreadcrumbList","@id":"https:\/\/blogs.florida.es\/floridauniversitariablog\/2018\/04\/walking-in-my-shoes\/#breadcrumb","itemListElement":[{"@type":"ListItem","position":1,"name":"Portada","item":"https:\/\/blogs.florida.es\/floridauniversitariablog\/"},{"@type":"ListItem","position":2,"name":"Walking in my shoes"}]},{"@type":"WebSite","@id":"https:\/\/blogs.florida.es\/floridauniversitariablog\/#website","url":"https:\/\/blogs.florida.es\/floridauniversitariablog\/","name":"Experiencia Florida: Blog","description":"Experiencia Florida: Nuestro Blog","potentialAction":[{"@type":"SearchAction","target":{"@type":"EntryPoint","urlTemplate":"https:\/\/blogs.florida.es\/floridauniversitariablog\/?s={search_term_string}"},"query-input":"required name=search_term_string"}],"inLanguage":"es"},{"@type":"Person","@id":"https:\/\/blogs.florida.es\/floridauniversitariablog\/#\/schema\/person\/b4f91174855694efbc637a78b3e74659","name":"mtmoreno@florida.local","image":{"@type":"ImageObject","inLanguage":"es","@id":"https:\/\/blogs.florida.es\/floridauniversitariablog\/#\/schema\/person\/image\/","url":"https:\/\/secure.gravatar.com\/avatar\/a292bf8f12a0bebd3ea5e24da579596fc0c0ed61528558850239ad4607f07411?s=96&d=mm&r=g","contentUrl":"https:\/\/secure.gravatar.com\/avatar\/a292bf8f12a0bebd3ea5e24da579596fc0c0ed61528558850239ad4607f07411?s=96&d=mm&r=g","caption":"mtmoreno@florida.local"},"url":"https:\/\/blogs.florida.es\/floridauniversitariablog\/author\/mtmoreno\/"}]}},"jetpack_publicize_connections":[],"jetpack_featured_media_url":"","jetpack_sharing_enabled":true,"jetpack_shortlink":"https:\/\/wp.me\/pau61W-Zk","post_mailing_queue_ids":[],"_links":{"self":[{"href":"https:\/\/blogs.florida.es\/floridauniversitariablog\/wp-json\/wp\/v2\/posts\/3802","targetHints":{"allow":["GET"]}}],"collection":[{"href":"https:\/\/blogs.florida.es\/floridauniversitariablog\/wp-json\/wp\/v2\/posts"}],"about":[{"href":"https:\/\/blogs.florida.es\/floridauniversitariablog\/wp-json\/wp\/v2\/types\/post"}],"author":[{"embeddable":true,"href":"https:\/\/blogs.florida.es\/floridauniversitariablog\/wp-json\/wp\/v2\/users\/14"}],"replies":[{"embeddable":true,"href":"https:\/\/blogs.florida.es\/floridauniversitariablog\/wp-json\/wp\/v2\/comments?post=3802"}],"version-history":[{"count":0,"href":"https:\/\/blogs.florida.es\/floridauniversitariablog\/wp-json\/wp\/v2\/posts\/3802\/revisions"}],"wp:attachment":[{"href":"https:\/\/blogs.florida.es\/floridauniversitariablog\/wp-json\/wp\/v2\/media?parent=3802"}],"wp:term":[{"taxonomy":"category","embeddable":true,"href":"https:\/\/blogs.florida.es\/floridauniversitariablog\/wp-json\/wp\/v2\/categories?post=3802"},{"taxonomy":"post_tag","embeddable":true,"href":"https:\/\/blogs.florida.es\/floridauniversitariablog\/wp-json\/wp\/v2\/tags?post=3802"}],"curies":[{"name":"wp","href":"https:\/\/api.w.org\/{rel}","templated":true}]}}