{"id":410,"date":"2013-02-14T17:57:06","date_gmt":"2013-02-14T16:57:06","guid":{"rendered":"http:\/\/floridauniversitariaturismo.wordpress.com\/?p=410"},"modified":"2021-01-02T11:59:38","modified_gmt":"2021-01-02T11:59:38","slug":"cit2013-se-amplia-el-plazo-para-inscribirse-a-cit2013-con-cuota-reducida","status":"publish","type":"post","link":"https:\/\/blogs.florida.es\/floridauniversitariablog\/2013\/02\/cit2013-se-amplia-el-plazo-para-inscribirse-a-cit2013-con-cuota-reducida\/","title":{"rendered":"CIT2013: Se ampl\u00eda el  plazo para inscribirse a CIT2013 con cuota reducida"},"content":{"rendered":"<p style=\"text-align:left\">\u00a0 El plazo para inscribirse con cuota reducida a la \u201cConferencia Internacional sobre Innovaci\u00f3n en Turismo y Hosteler\u00eda CIT2013\u201d, se ha ampliado hasta el\u00a0<b><span style=\"text-decoration:underline\">28 de Febrero<\/span><\/b>. \u00a0As\u00ed lo han decidido los miembros del comit\u00e9 organizador, dada la fuerte repercusi\u00f3n y relevancia que est\u00e1 adoptando la Conferencia dentro del panorama tur\u00edstico nacional y extranjero.<\/p>\n<p style=\"text-align:center\"><a href=\"https:\/\/blogs.florida.es\/floridauniversitariaturismo\/wp-content\/uploads\/sites\/15\/2013\/02\/cit2013_2.png\"><img loading=\"lazy\" decoding=\"async\" class=\"size-full wp-image-411 aligncenter\" alt=\"cit2013_2\" src=\"https:\/\/blogs.florida.es\/floridauniversitariaturismo\/wp-content\/uploads\/sites\/15\/2013\/02\/cit2013_2.png\" width=\"210\" height=\"170\" \/><\/a><em id=\"__mceDel\"><\/em><\/p>\n<p style=\"text-align:left\">Cit2013 pretende ser un foro, en el que los profesionales y acad\u00e9micos del sector tur\u00edstico compartan experiencias, debatan tendencias y analicen la innovaci\u00f3n en el sector a partir de\u00a0dos\u00a0\u00e1reas: \u00a0\u00abEstrategia y gobernanza en destinos tur\u00edsticos\u00bb\u00a0y\u00a0\u00abMercados, Productos y Gesti\u00f3n\u00bb. Muchas de las figuras m\u00e1s representativas a nivel nacional, europeo y mundial del panorama tur\u00edstico estar\u00e1n presentes en este evento, que se celebrar\u00e1n en\u00a0<span style=\"text-decoration:underline\">Valencia y Benidorm del 16 al 19 de Abril, en el \u201cHotel Balneario Las Arenas\u201d.<\/span><\/p>\n<p>Es por ello que invitamos a todos aquellos que quieran participar de esta enriquecedora experiencia a inscribirse y formar parte de CIT2013.<br \/>\nPara informaci\u00f3n m\u00e1s detallada sobre la conferencia:<br \/>\n<a href=\"http:\/\/cit2013.florida.es\/\" target=\"_blank\" rel=\"noopener noreferrer\">http:\/\/cit2013.florida.es\/<\/a><br \/>\nPara la inscripci\u00f3n a CIT2013, recuerda,\u00a0<span style=\"text-decoration:underline\">hasta el 28 de Febrero con cuota reducida<\/span>:<br \/>\n<a href=\"http:\/\/cit2013.florida.es\/index.php\/registration\" target=\"_blank\" rel=\"noopener noreferrer\">http:\/\/cit2013.florida.es\/index.php\/registration<\/a><br \/>\nPuedes escribirnos para solicitar m\u00e1s informaci\u00f3n o formular cualquier duda a\u00a0<a href=\"mailto:cit2013@florida-uni.es\" target=\"_blank\" rel=\"noopener noreferrer\">cit2013@florida-uni.es<\/a><br \/>\nSALUDOS!<\/p>\n","protected":false},"excerpt":{"rendered":"<p>\u00a0 El plazo para inscribirse con cuota reducida a la \u201cConferencia Internacional sobre Innovaci\u00f3n en Turismo y Hosteler\u00eda CIT2013\u201d, se ha ampliado hasta el\u00a028 de Febrero. \u00a0As\u00ed lo han decidido los miembros del comit\u00e9 organizador, dada la fuerte repercusi\u00f3n y relevancia que est\u00e1 adoptando la Conferencia dentro del panorama tur\u00edstico nacional y extranjero. Cit2013 pretende [&hellip;]<\/p>\n","protected":false},"author":14,"featured_media":0,"comment_status":"open","ping_status":"open","sticky":false,"template":"","format":"standard","meta":{"jetpack_post_was_ever_published":false,"_jetpack_newsletter_access":"","_jetpack_dont_email_post_to_subs":false,"_jetpack_newsletter_tier_id":0,"_jetpack_memberships_contains_paywalled_content":false,"_jetpack_memberships_contains_paid_content":false,"footnotes":"","jetpack_publicize_message":"","jetpack_publicize_feature_enabled":true,"jetpack_social_post_already_shared":true,"jetpack_social_options":{"image_generator_settings":{"template":"highway","default_image_id":0,"font":"","enabled":false},"version":2}},"categories":[8],"tags":[107],"class_list":["post-410","post","type-post","status-publish","format-standard","hentry","category-turismo","tag-cit2013"],"yoast_head":"<!-- This site is optimized with the Yoast SEO plugin v21.6 - https:\/\/yoast.com\/wordpress\/plugins\/seo\/ -->\n<title>CIT2013: Se ampl\u00eda el plazo para inscribirse a CIT2013 con cuota reducida - Experiencia Florida: Blog<\/title>\n<meta name=\"robots\" content=\"index, follow, max-snippet:-1, max-image-preview:large, max-video-preview:-1\" \/>\n<link rel=\"canonical\" href=\"https:\/\/blogs.florida.es\/floridauniversitariablog\/2013\/02\/cit2013-se-amplia-el-plazo-para-inscribirse-a-cit2013-con-cuota-reducida\/\" \/>\n<meta property=\"og:locale\" content=\"es_ES\" \/>\n<meta property=\"og:type\" content=\"article\" \/>\n<meta property=\"og:title\" content=\"CIT2013: Se ampl\u00eda el plazo para inscribirse a CIT2013 con cuota reducida - Experiencia Florida: Blog\" \/>\n<meta property=\"og:description\" content=\"\u00a0 El plazo para inscribirse con cuota reducida a la \u201cConferencia Internacional sobre Innovaci\u00f3n en Turismo y Hosteler\u00eda CIT2013\u201d, se ha ampliado hasta el\u00a028 de Febrero. \u00a0As\u00ed lo han decidido los miembros del comit\u00e9 organizador, dada la fuerte repercusi\u00f3n y relevancia que est\u00e1 adoptando la Conferencia dentro del panorama tur\u00edstico nacional y extranjero. Cit2013 pretende [&hellip;]\" \/>\n<meta property=\"og:url\" content=\"https:\/\/blogs.florida.es\/floridauniversitariablog\/2013\/02\/cit2013-se-amplia-el-plazo-para-inscribirse-a-cit2013-con-cuota-reducida\/\" \/>\n<meta property=\"og:site_name\" content=\"Experiencia Florida: Blog\" \/>\n<meta property=\"article:published_time\" content=\"2013-02-14T16:57:06+00:00\" \/>\n<meta property=\"article:modified_time\" content=\"2021-01-02T11:59:38+00:00\" \/>\n<meta property=\"og:image\" content=\"https:\/\/blogs.florida.es\/floridauniversitariaturismo\/wp-content\/uploads\/sites\/15\/2013\/02\/cit2013_2.png\" \/>\n<meta name=\"author\" content=\"mtmoreno@florida.local\" \/>\n<meta name=\"twitter:card\" content=\"summary_large_image\" \/>\n<meta name=\"twitter:label1\" content=\"Escrito por\" \/>\n\t<meta name=\"twitter:data1\" content=\"mtmoreno@florida.local\" \/>\n\t<meta name=\"twitter:label2\" content=\"Tiempo de lectura\" \/>\n\t<meta name=\"twitter:data2\" content=\"1 minuto\" \/>\n<script type=\"application\/ld+json\" class=\"yoast-schema-graph\">{\"@context\":\"https:\/\/schema.org\",\"@graph\":[{\"@type\":\"WebPage\",\"@id\":\"https:\/\/blogs.florida.es\/floridauniversitariablog\/2013\/02\/cit2013-se-amplia-el-plazo-para-inscribirse-a-cit2013-con-cuota-reducida\/\",\"url\":\"https:\/\/blogs.florida.es\/floridauniversitariablog\/2013\/02\/cit2013-se-amplia-el-plazo-para-inscribirse-a-cit2013-con-cuota-reducida\/\",\"name\":\"CIT2013: Se ampl\u00eda el plazo para inscribirse a CIT2013 con cuota reducida - Experiencia Florida: Blog\",\"isPartOf\":{\"@id\":\"https:\/\/blogs.florida.es\/floridauniversitariablog\/#website\"},\"datePublished\":\"2013-02-14T16:57:06+00:00\",\"dateModified\":\"2021-01-02T11:59:38+00:00\",\"author\":{\"@id\":\"https:\/\/blogs.florida.es\/floridauniversitariablog\/#\/schema\/person\/b4f91174855694efbc637a78b3e74659\"},\"breadcrumb\":{\"@id\":\"https:\/\/blogs.florida.es\/floridauniversitariablog\/2013\/02\/cit2013-se-amplia-el-plazo-para-inscribirse-a-cit2013-con-cuota-reducida\/#breadcrumb\"},\"inLanguage\":\"es\",\"potentialAction\":[{\"@type\":\"ReadAction\",\"target\":[\"https:\/\/blogs.florida.es\/floridauniversitariablog\/2013\/02\/cit2013-se-amplia-el-plazo-para-inscribirse-a-cit2013-con-cuota-reducida\/\"]}]},{\"@type\":\"BreadcrumbList\",\"@id\":\"https:\/\/blogs.florida.es\/floridauniversitariablog\/2013\/02\/cit2013-se-amplia-el-plazo-para-inscribirse-a-cit2013-con-cuota-reducida\/#breadcrumb\",\"itemListElement\":[{\"@type\":\"ListItem\",\"position\":1,\"name\":\"Portada\",\"item\":\"https:\/\/blogs.florida.es\/floridauniversitariablog\/\"},{\"@type\":\"ListItem\",\"position\":2,\"name\":\"CIT2013: Se ampl\u00eda el plazo para inscribirse a CIT2013 con cuota reducida\"}]},{\"@type\":\"WebSite\",\"@id\":\"https:\/\/blogs.florida.es\/floridauniversitariablog\/#website\",\"url\":\"https:\/\/blogs.florida.es\/floridauniversitariablog\/\",\"name\":\"Experiencia Florida: Blog\",\"description\":\"Experiencia Florida: Nuestro Blog\",\"potentialAction\":[{\"@type\":\"SearchAction\",\"target\":{\"@type\":\"EntryPoint\",\"urlTemplate\":\"https:\/\/blogs.florida.es\/floridauniversitariablog\/?s={search_term_string}\"},\"query-input\":\"required name=search_term_string\"}],\"inLanguage\":\"es\"},{\"@type\":\"Person\",\"@id\":\"https:\/\/blogs.florida.es\/floridauniversitariablog\/#\/schema\/person\/b4f91174855694efbc637a78b3e74659\",\"name\":\"mtmoreno@florida.local\",\"image\":{\"@type\":\"ImageObject\",\"inLanguage\":\"es\",\"@id\":\"https:\/\/blogs.florida.es\/floridauniversitariablog\/#\/schema\/person\/image\/\",\"url\":\"https:\/\/secure.gravatar.com\/avatar\/a292bf8f12a0bebd3ea5e24da579596fc0c0ed61528558850239ad4607f07411?s=96&d=mm&r=g\",\"contentUrl\":\"https:\/\/secure.gravatar.com\/avatar\/a292bf8f12a0bebd3ea5e24da579596fc0c0ed61528558850239ad4607f07411?s=96&d=mm&r=g\",\"caption\":\"mtmoreno@florida.local\"},\"url\":\"https:\/\/blogs.florida.es\/floridauniversitariablog\/author\/mtmoreno\/\"}]}<\/script>\n<!-- \/ Yoast SEO plugin. -->","yoast_head_json":{"title":"CIT2013: Se ampl\u00eda el plazo para inscribirse a CIT2013 con cuota reducida - Experiencia Florida: Blog","robots":{"index":"index","follow":"follow","max-snippet":"max-snippet:-1","max-image-preview":"max-image-preview:large","max-video-preview":"max-video-preview:-1"},"canonical":"https:\/\/blogs.florida.es\/floridauniversitariablog\/2013\/02\/cit2013-se-amplia-el-plazo-para-inscribirse-a-cit2013-con-cuota-reducida\/","og_locale":"es_ES","og_type":"article","og_title":"CIT2013: Se ampl\u00eda el plazo para inscribirse a CIT2013 con cuota reducida - Experiencia Florida: Blog","og_description":"\u00a0 El plazo para inscribirse con cuota reducida a la \u201cConferencia Internacional sobre Innovaci\u00f3n en Turismo y Hosteler\u00eda CIT2013\u201d, se ha ampliado hasta el\u00a028 de Febrero. \u00a0As\u00ed lo han decidido los miembros del comit\u00e9 organizador, dada la fuerte repercusi\u00f3n y relevancia que est\u00e1 adoptando la Conferencia dentro del panorama tur\u00edstico nacional y extranjero. Cit2013 pretende [&hellip;]","og_url":"https:\/\/blogs.florida.es\/floridauniversitariablog\/2013\/02\/cit2013-se-amplia-el-plazo-para-inscribirse-a-cit2013-con-cuota-reducida\/","og_site_name":"Experiencia Florida: Blog","article_published_time":"2013-02-14T16:57:06+00:00","article_modified_time":"2021-01-02T11:59:38+00:00","og_image":[{"url":"https:\/\/blogs.florida.es\/floridauniversitariaturismo\/wp-content\/uploads\/sites\/15\/2013\/02\/cit2013_2.png"}],"author":"mtmoreno@florida.local","twitter_card":"summary_large_image","twitter_misc":{"Escrito por":"mtmoreno@florida.local","Tiempo de lectura":"1 minuto"},"schema":{"@context":"https:\/\/schema.org","@graph":[{"@type":"WebPage","@id":"https:\/\/blogs.florida.es\/floridauniversitariablog\/2013\/02\/cit2013-se-amplia-el-plazo-para-inscribirse-a-cit2013-con-cuota-reducida\/","url":"https:\/\/blogs.florida.es\/floridauniversitariablog\/2013\/02\/cit2013-se-amplia-el-plazo-para-inscribirse-a-cit2013-con-cuota-reducida\/","name":"CIT2013: Se ampl\u00eda el plazo para inscribirse a CIT2013 con cuota reducida - Experiencia Florida: Blog","isPartOf":{"@id":"https:\/\/blogs.florida.es\/floridauniversitariablog\/#website"},"datePublished":"2013-02-14T16:57:06+00:00","dateModified":"2021-01-02T11:59:38+00:00","author":{"@id":"https:\/\/blogs.florida.es\/floridauniversitariablog\/#\/schema\/person\/b4f91174855694efbc637a78b3e74659"},"breadcrumb":{"@id":"https:\/\/blogs.florida.es\/floridauniversitariablog\/2013\/02\/cit2013-se-amplia-el-plazo-para-inscribirse-a-cit2013-con-cuota-reducida\/#breadcrumb"},"inLanguage":"es","potentialAction":[{"@type":"ReadAction","target":["https:\/\/blogs.florida.es\/floridauniversitariablog\/2013\/02\/cit2013-se-amplia-el-plazo-para-inscribirse-a-cit2013-con-cuota-reducida\/"]}]},{"@type":"BreadcrumbList","@id":"https:\/\/blogs.florida.es\/floridauniversitariablog\/2013\/02\/cit2013-se-amplia-el-plazo-para-inscribirse-a-cit2013-con-cuota-reducida\/#breadcrumb","itemListElement":[{"@type":"ListItem","position":1,"name":"Portada","item":"https:\/\/blogs.florida.es\/floridauniversitariablog\/"},{"@type":"ListItem","position":2,"name":"CIT2013: Se ampl\u00eda el plazo para inscribirse a CIT2013 con cuota reducida"}]},{"@type":"WebSite","@id":"https:\/\/blogs.florida.es\/floridauniversitariablog\/#website","url":"https:\/\/blogs.florida.es\/floridauniversitariablog\/","name":"Experiencia Florida: Blog","description":"Experiencia Florida: Nuestro Blog","potentialAction":[{"@type":"SearchAction","target":{"@type":"EntryPoint","urlTemplate":"https:\/\/blogs.florida.es\/floridauniversitariablog\/?s={search_term_string}"},"query-input":"required name=search_term_string"}],"inLanguage":"es"},{"@type":"Person","@id":"https:\/\/blogs.florida.es\/floridauniversitariablog\/#\/schema\/person\/b4f91174855694efbc637a78b3e74659","name":"mtmoreno@florida.local","image":{"@type":"ImageObject","inLanguage":"es","@id":"https:\/\/blogs.florida.es\/floridauniversitariablog\/#\/schema\/person\/image\/","url":"https:\/\/secure.gravatar.com\/avatar\/a292bf8f12a0bebd3ea5e24da579596fc0c0ed61528558850239ad4607f07411?s=96&d=mm&r=g","contentUrl":"https:\/\/secure.gravatar.com\/avatar\/a292bf8f12a0bebd3ea5e24da579596fc0c0ed61528558850239ad4607f07411?s=96&d=mm&r=g","caption":"mtmoreno@florida.local"},"url":"https:\/\/blogs.florida.es\/floridauniversitariablog\/author\/mtmoreno\/"}]}},"jetpack_publicize_connections":[],"jetpack_featured_media_url":"","jetpack_sharing_enabled":true,"jetpack_shortlink":"https:\/\/wp.me\/pau61W-6C","post_mailing_queue_ids":[],"_links":{"self":[{"href":"https:\/\/blogs.florida.es\/floridauniversitariablog\/wp-json\/wp\/v2\/posts\/410","targetHints":{"allow":["GET"]}}],"collection":[{"href":"https:\/\/blogs.florida.es\/floridauniversitariablog\/wp-json\/wp\/v2\/posts"}],"about":[{"href":"https:\/\/blogs.florida.es\/floridauniversitariablog\/wp-json\/wp\/v2\/types\/post"}],"author":[{"embeddable":true,"href":"https:\/\/blogs.florida.es\/floridauniversitariablog\/wp-json\/wp\/v2\/users\/14"}],"replies":[{"embeddable":true,"href":"https:\/\/blogs.florida.es\/floridauniversitariablog\/wp-json\/wp\/v2\/comments?post=410"}],"version-history":[{"count":1,"href":"https:\/\/blogs.florida.es\/floridauniversitariablog\/wp-json\/wp\/v2\/posts\/410\/revisions"}],"predecessor-version":[{"id":5631,"href":"https:\/\/blogs.florida.es\/floridauniversitariablog\/wp-json\/wp\/v2\/posts\/410\/revisions\/5631"}],"wp:attachment":[{"href":"https:\/\/blogs.florida.es\/floridauniversitariablog\/wp-json\/wp\/v2\/media?parent=410"}],"wp:term":[{"taxonomy":"category","embeddable":true,"href":"https:\/\/blogs.florida.es\/floridauniversitariablog\/wp-json\/wp\/v2\/categories?post=410"},{"taxonomy":"post_tag","embeddable":true,"href":"https:\/\/blogs.florida.es\/floridauniversitariablog\/wp-json\/wp\/v2\/tags?post=410"}],"curies":[{"name":"wp","href":"https:\/\/api.w.org\/{rel}","templated":true}]}}