{"id":491,"date":"2020-02-25T09:53:55","date_gmt":"2020-02-25T09:53:55","guid":{"rendered":"http:\/\/blogs.florida.es\/floridauniversitariadeporte\/?p=491"},"modified":"2020-11-30T11:14:31","modified_gmt":"2020-11-30T11:14:31","slug":"ayudando-a-personas-con-diversidad-funcional-a-crecer-con-el-deporte","status":"publish","type":"post","link":"https:\/\/blogs.florida.es\/floridauniversitariablog\/2020\/02\/ayudando-a-personas-con-diversidad-funcional-a-crecer-con-el-deporte\/","title":{"rendered":"Ayudando a personas con diversidad funcional a crecer con el deporte"},"content":{"rendered":"<p style=\"text-align: justify\"><strong>El alumnado del ciclo de Conducci\u00f3n de Actividades F\u00edsico Deportivas en el Medio Natural organiz\u00f3 ayer la segunda Jornada del curso de Puertas Adaptadas de Florida Universit\u00e0ria<\/strong><strong>\u00a0<\/strong><\/p>\n<p style=\"text-align: justify\">Florida Universit\u00e0ria celebr\u00f3 ayer el segundo Encuentro de Pruebas Adaptadas del curso. La jornada de ayer cont\u00f3 con la participaci\u00f3n de personas asociadas a COPAVA (Entidad coordinadora de Centros Ocupacionales para personas con Diversidad Funcional), la asociaci\u00f3n coordinadora de recursos de atenci\u00f3n a personas con diversidad funcional intelectual. Durante el encuentro, los y las participantes practicaron distintas disciplinas deportivas dise\u00f1adas para promover habilidades como psicomotricidad destreza en silla de ruedas o iniciaci\u00f3n polideportiva.<\/p>\n<p style=\"text-align: justify\">En esta ocasi\u00f3n, el alumnado del Ciclo Formativo de Grado Medio de <strong><a href=\"https:\/\/www.floridauniversitaria.es\/es-ES\/OfertaAcademica\/ciclosformativos\/Paginas\/conduccion-actividades-fisico-deportivas-medio-natural.aspx?Perfil=Florida+Universitaria&amp;cicloformativo=Conducci%c3%b3n+de+Actividades+F%c3%adsico-Deportivas+en+el+Medio+Natural\" target=\"_blank\" rel=\"noopener noreferrer\">Conducci\u00f3n de Actividades F\u00edsico Deportivas en el Medio Natural<\/a><\/strong> organiz\u00f3 todas las pruebas, se\u00f1aliz\u00f3 y recibi\u00f3 a las personas con diversidad funcional y personas orientadoras hacia el pabell\u00f3n, y los coordin\u00f3 y asisti\u00f3 durante la actividad. Adem\u00e1s, se llev\u00f3 a cabo una coordinaci\u00f3n interna y externa del encuentro para poder cubrir todas las actividades que iban a desarrollarse.<\/p>\n<p style=\"text-align: justify\">En medio campo de balonmano se realizaron las pruebas deportivas en las que los y las participantes jugaron a botar y encestar, practicaron la conducci\u00f3n y pase de f\u00fatbol, adem\u00e1s de lanzamiento Colpbol y lanzamiento y tiro a porter\u00eda. El alumnado de <a href=\"http:\/\/www.floridauniversitaria.es\" target=\"_blank\" rel=\"noopener noreferrer\">Florida Universit\u00e0ria<\/a> organizaba a las personas con diversidad funcional por grupos y subgrupos, y les guiaba cambiando de posta al escuchar una se\u00f1al de megafon\u00eda.<\/p>\n<p style=\"text-align: justify\">En la otra parte del campo de balonmano realizaron cuatro pruebas motrices. Estas actividades consistieron en un circuito, control y lanzamiento con stick, lanzamiento de fuerza y equilibrio din\u00e1mico. Como previa a la actividad, el alumnado recibi\u00f3 una charla explicativa el d\u00eda 17 de Febrero sobre la Jornada por parte de la responsable de Copava.<\/p>\n<p style=\"text-align: justify\">\u201cDesde hace a\u00f1os tenemos una colaboraci\u00f3n activa con COPAVA dinamizando jornadas deportivas concretas. La din\u00e1mica de funcionamiento como colaboradores es similar a la de otras ocasiones, cediendo el pabell\u00f3n, facilitando sus accesos durante toda la ma\u00f1ana y con la colaboraci\u00f3n del alumnado de Florida Universit\u00e0ria\u201d, explica <strong>Jorge Mateu<\/strong>, profesor de Florida Universit\u00e0ria que coordina y organiza estas jornadas.<\/p>\n<p style=\"text-align: justify\">Con esta jornada, Florida Universit\u00e0ria potencia a trav\u00e9s del profesorado y alumnado el deporte como integrador entre sus alumnos y favorece la integraci\u00f3n como valor.<\/p>\n<div id='gallery-1' class='gallery galleryid-491 gallery-columns-3 gallery-size-medium'><figure class='gallery-item'>\n\t\t\t<div class='gallery-icon landscape'>\n\t\t\t\t<img loading=\"lazy\" decoding=\"async\" width=\"300\" height=\"225\" src=\"https:\/\/blogs.florida.es\/floridauniversitariablog\/wp-content\/uploads\/sites\/19\/2020\/02\/pruebas-adaptadas-febrero-1-300x225.jpg\" class=\"attachment-medium size-medium\" alt=\"\" srcset=\"https:\/\/blogs.florida.es\/floridauniversitariablog\/wp-content\/uploads\/sites\/19\/2020\/02\/pruebas-adaptadas-febrero-1-300x225.jpg 300w, https:\/\/blogs.florida.es\/floridauniversitariablog\/wp-content\/uploads\/sites\/19\/2020\/02\/pruebas-adaptadas-febrero-1-768x576.jpg 768w, https:\/\/blogs.florida.es\/floridauniversitariablog\/wp-content\/uploads\/sites\/19\/2020\/02\/pruebas-adaptadas-febrero-1.jpg 1024w\" sizes=\"auto, (max-width: 300px) 100vw, 300px\" \/>\n\t\t\t<\/div><\/figure><figure class='gallery-item'>\n\t\t\t<div class='gallery-icon portrait'>\n\t\t\t\t<img loading=\"lazy\" decoding=\"async\" width=\"225\" height=\"300\" src=\"https:\/\/blogs.florida.es\/floridauniversitariablog\/wp-content\/uploads\/sites\/19\/2020\/02\/pruebas-adaptadas-febrero-2-225x300.jpg\" class=\"attachment-medium size-medium\" alt=\"\" srcset=\"https:\/\/blogs.florida.es\/floridauniversitariablog\/wp-content\/uploads\/sites\/19\/2020\/02\/pruebas-adaptadas-febrero-2-225x300.jpg 225w, https:\/\/blogs.florida.es\/floridauniversitariablog\/wp-content\/uploads\/sites\/19\/2020\/02\/pruebas-adaptadas-febrero-2.jpg 768w\" sizes=\"auto, (max-width: 225px) 100vw, 225px\" \/>\n\t\t\t<\/div><\/figure><figure class='gallery-item'>\n\t\t\t<div class='gallery-icon landscape'>\n\t\t\t\t<img loading=\"lazy\" decoding=\"async\" width=\"300\" height=\"225\" src=\"https:\/\/blogs.florida.es\/floridauniversitariablog\/wp-content\/uploads\/sites\/19\/2020\/02\/pruebas-adaptadas-febrero-3-300x225.jpg\" class=\"attachment-medium size-medium\" alt=\"\" srcset=\"https:\/\/blogs.florida.es\/floridauniversitariablog\/wp-content\/uploads\/sites\/19\/2020\/02\/pruebas-adaptadas-febrero-3-300x225.jpg 300w, https:\/\/blogs.florida.es\/floridauniversitariablog\/wp-content\/uploads\/sites\/19\/2020\/02\/pruebas-adaptadas-febrero-3-768x576.jpg 768w, https:\/\/blogs.florida.es\/floridauniversitariablog\/wp-content\/uploads\/sites\/19\/2020\/02\/pruebas-adaptadas-febrero-3.jpg 1024w\" sizes=\"auto, (max-width: 300px) 100vw, 300px\" \/>\n\t\t\t<\/div><\/figure><figure class='gallery-item'>\n\t\t\t<div class='gallery-icon landscape'>\n\t\t\t\t<img loading=\"lazy\" decoding=\"async\" width=\"300\" height=\"225\" src=\"https:\/\/blogs.florida.es\/floridauniversitariablog\/wp-content\/uploads\/sites\/19\/2020\/02\/pruebas-adaptadas-febrero-4-300x225.jpg\" class=\"attachment-medium size-medium\" alt=\"\" srcset=\"https:\/\/blogs.florida.es\/floridauniversitariablog\/wp-content\/uploads\/sites\/19\/2020\/02\/pruebas-adaptadas-febrero-4-300x225.jpg 300w, https:\/\/blogs.florida.es\/floridauniversitariablog\/wp-content\/uploads\/sites\/19\/2020\/02\/pruebas-adaptadas-febrero-4-768x576.jpg 768w, https:\/\/blogs.florida.es\/floridauniversitariablog\/wp-content\/uploads\/sites\/19\/2020\/02\/pruebas-adaptadas-febrero-4.jpg 1024w\" sizes=\"auto, (max-width: 300px) 100vw, 300px\" \/>\n\t\t\t<\/div><\/figure><figure class='gallery-item'>\n\t\t\t<div class='gallery-icon portrait'>\n\t\t\t\t<img loading=\"lazy\" decoding=\"async\" width=\"225\" height=\"300\" src=\"https:\/\/blogs.florida.es\/floridauniversitariablog\/wp-content\/uploads\/sites\/19\/2020\/02\/pruebas-adaptadas-febrero-5-225x300.jpg\" class=\"attachment-medium size-medium\" alt=\"\" srcset=\"https:\/\/blogs.florida.es\/floridauniversitariablog\/wp-content\/uploads\/sites\/19\/2020\/02\/pruebas-adaptadas-febrero-5-225x300.jpg 225w, https:\/\/blogs.florida.es\/floridauniversitariablog\/wp-content\/uploads\/sites\/19\/2020\/02\/pruebas-adaptadas-febrero-5.jpg 768w\" sizes=\"auto, (max-width: 225px) 100vw, 225px\" \/>\n\t\t\t<\/div><\/figure><figure class='gallery-item'>\n\t\t\t<div class='gallery-icon landscape'>\n\t\t\t\t<img loading=\"lazy\" decoding=\"async\" width=\"300\" height=\"225\" src=\"https:\/\/blogs.florida.es\/floridauniversitariablog\/wp-content\/uploads\/sites\/19\/2020\/02\/pruebas-adaptadas-febrero-6-300x225.jpg\" class=\"attachment-medium size-medium\" alt=\"\" srcset=\"https:\/\/blogs.florida.es\/floridauniversitariablog\/wp-content\/uploads\/sites\/19\/2020\/02\/pruebas-adaptadas-febrero-6-300x225.jpg 300w, https:\/\/blogs.florida.es\/floridauniversitariablog\/wp-content\/uploads\/sites\/19\/2020\/02\/pruebas-adaptadas-febrero-6-768x576.jpg 768w, https:\/\/blogs.florida.es\/floridauniversitariablog\/wp-content\/uploads\/sites\/19\/2020\/02\/pruebas-adaptadas-febrero-6.jpg 1024w\" sizes=\"auto, (max-width: 300px) 100vw, 300px\" \/>\n\t\t\t<\/div><\/figure><figure class='gallery-item'>\n\t\t\t<div class='gallery-icon portrait'>\n\t\t\t\t<img loading=\"lazy\" decoding=\"async\" width=\"225\" height=\"300\" src=\"https:\/\/blogs.florida.es\/floridauniversitariablog\/wp-content\/uploads\/sites\/19\/2020\/02\/pruebas-adaptadas-febrero-7-225x300.jpg\" class=\"attachment-medium size-medium\" alt=\"\" srcset=\"https:\/\/blogs.florida.es\/floridauniversitariablog\/wp-content\/uploads\/sites\/19\/2020\/02\/pruebas-adaptadas-febrero-7-225x300.jpg 225w, https:\/\/blogs.florida.es\/floridauniversitariablog\/wp-content\/uploads\/sites\/19\/2020\/02\/pruebas-adaptadas-febrero-7.jpg 768w\" sizes=\"auto, (max-width: 225px) 100vw, 225px\" \/>\n\t\t\t<\/div><\/figure><figure class='gallery-item'>\n\t\t\t<div class='gallery-icon portrait'>\n\t\t\t\t<img loading=\"lazy\" decoding=\"async\" width=\"225\" height=\"300\" src=\"https:\/\/blogs.florida.es\/floridauniversitariablog\/wp-content\/uploads\/sites\/19\/2020\/02\/pruebas-adaptadas-febrero-8-225x300.jpg\" class=\"attachment-medium size-medium\" alt=\"\" srcset=\"https:\/\/blogs.florida.es\/floridauniversitariablog\/wp-content\/uploads\/sites\/19\/2020\/02\/pruebas-adaptadas-febrero-8-225x300.jpg 225w, https:\/\/blogs.florida.es\/floridauniversitariablog\/wp-content\/uploads\/sites\/19\/2020\/02\/pruebas-adaptadas-febrero-8.jpg 768w\" sizes=\"auto, (max-width: 225px) 100vw, 225px\" \/>\n\t\t\t<\/div><\/figure><figure class='gallery-item'>\n\t\t\t<div class='gallery-icon portrait'>\n\t\t\t\t<img loading=\"lazy\" decoding=\"async\" width=\"225\" height=\"300\" src=\"https:\/\/blogs.florida.es\/floridauniversitariablog\/wp-content\/uploads\/sites\/19\/2020\/02\/pruebas-adaptadas-febrero-9-225x300.jpg\" class=\"attachment-medium size-medium\" alt=\"\" srcset=\"https:\/\/blogs.florida.es\/floridauniversitariablog\/wp-content\/uploads\/sites\/19\/2020\/02\/pruebas-adaptadas-febrero-9-225x300.jpg 225w, https:\/\/blogs.florida.es\/floridauniversitariablog\/wp-content\/uploads\/sites\/19\/2020\/02\/pruebas-adaptadas-febrero-9.jpg 768w\" sizes=\"auto, (max-width: 225px) 100vw, 225px\" \/>\n\t\t\t<\/div><\/figure><figure class='gallery-item'>\n\t\t\t<div class='gallery-icon portrait'>\n\t\t\t\t<img loading=\"lazy\" decoding=\"async\" width=\"225\" height=\"300\" src=\"https:\/\/blogs.florida.es\/floridauniversitariablog\/wp-content\/uploads\/sites\/19\/2020\/02\/pruebas-adaptadas-febrero-10-225x300.jpg\" class=\"attachment-medium size-medium\" alt=\"\" srcset=\"https:\/\/blogs.florida.es\/floridauniversitariablog\/wp-content\/uploads\/sites\/19\/2020\/02\/pruebas-adaptadas-febrero-10-225x300.jpg 225w, https:\/\/blogs.florida.es\/floridauniversitariablog\/wp-content\/uploads\/sites\/19\/2020\/02\/pruebas-adaptadas-febrero-10.jpg 768w\" sizes=\"auto, (max-width: 225px) 100vw, 225px\" \/>\n\t\t\t<\/div><\/figure>\n\t\t<\/div>\n\n","protected":false},"excerpt":{"rendered":"<p>El alumnado del ciclo de Conducci\u00f3n de Actividades F\u00edsico Deportivas en el Medio Natural organiz\u00f3 ayer la segunda Jornada del curso de Puertas Adaptadas de Florida Universit\u00e0ria\u00a0 Florida Universit\u00e0ria celebr\u00f3 ayer el segundo Encuentro de Pruebas Adaptadas del curso. La jornada de ayer cont\u00f3 con la participaci\u00f3n de personas asociadas a COPAVA (Entidad coordinadora de [&hellip;]<\/p>\n","protected":false},"author":14,"featured_media":0,"comment_status":"closed","ping_status":"closed","sticky":false,"template":"","format":"standard","meta":{"jetpack_post_was_ever_published":false,"_jetpack_newsletter_access":"","_jetpack_dont_email_post_to_subs":false,"_jetpack_newsletter_tier_id":0,"_jetpack_memberships_contains_paywalled_content":false,"_jetpack_memberships_contains_paid_content":false,"footnotes":"","jetpack_publicize_message":"","jetpack_publicize_feature_enabled":true,"jetpack_social_post_already_shared":true,"jetpack_social_options":{"image_generator_settings":{"template":"highway","default_image_id":0,"font":"","enabled":false},"version":2}},"categories":[37,44],"tags":[],"class_list":["post-491","post","type-post","status-publish","format-standard","hentry","category-conduccion-de-actividades-fisico-deportivas-en-el-medio-natural","category-deporte"],"yoast_head":"<!-- This site is optimized with the Yoast SEO plugin v21.6 - https:\/\/yoast.com\/wordpress\/plugins\/seo\/ -->\n<title>Ayudando a personas con diversidad funcional a crecer con el deporte - Experiencia Florida: Blog<\/title>\n<meta name=\"robots\" content=\"index, follow, max-snippet:-1, max-image-preview:large, max-video-preview:-1\" \/>\n<link rel=\"canonical\" href=\"http:\/\/blogs.florida.es\/floridauniversitariablog\/2020\/02\/ayudando-a-personas-con-diversidad-funcional-a-crecer-con-el-deporte\/\" \/>\n<meta property=\"og:locale\" content=\"es_ES\" \/>\n<meta property=\"og:type\" content=\"article\" \/>\n<meta property=\"og:title\" content=\"Ayudando a personas con diversidad funcional a crecer con el deporte - Experiencia Florida: Blog\" \/>\n<meta property=\"og:description\" content=\"El alumnado del ciclo de Conducci\u00f3n de Actividades F\u00edsico Deportivas en el Medio Natural organiz\u00f3 ayer la segunda Jornada del curso de Puertas Adaptadas de Florida Universit\u00e0ria\u00a0 Florida Universit\u00e0ria celebr\u00f3 ayer el segundo Encuentro de Pruebas Adaptadas del curso. La jornada de ayer cont\u00f3 con la participaci\u00f3n de personas asociadas a COPAVA (Entidad coordinadora de [&hellip;]\" \/>\n<meta property=\"og:url\" content=\"http:\/\/blogs.florida.es\/floridauniversitariablog\/2020\/02\/ayudando-a-personas-con-diversidad-funcional-a-crecer-con-el-deporte\/\" \/>\n<meta property=\"og:site_name\" content=\"Experiencia Florida: Blog\" \/>\n<meta property=\"article:published_time\" content=\"2020-02-25T09:53:55+00:00\" \/>\n<meta property=\"article:modified_time\" content=\"2020-11-30T11:14:31+00:00\" \/>\n<meta property=\"og:image\" content=\"http:\/\/blogs.florida.es\/floridauniversitariablog\/wp-content\/uploads\/sites\/19\/2020\/02\/pruebas-adaptadas-febrero-1-300x225.jpg\" \/>\n<meta name=\"author\" content=\"mtmoreno@florida.local\" \/>\n<meta name=\"twitter:card\" content=\"summary_large_image\" \/>\n<meta name=\"twitter:label1\" content=\"Escrito por\" \/>\n\t<meta name=\"twitter:data1\" content=\"mtmoreno@florida.local\" \/>\n\t<meta name=\"twitter:label2\" content=\"Tiempo de lectura\" \/>\n\t<meta name=\"twitter:data2\" content=\"2 minutos\" \/>\n<script type=\"application\/ld+json\" class=\"yoast-schema-graph\">{\"@context\":\"https:\/\/schema.org\",\"@graph\":[{\"@type\":\"WebPage\",\"@id\":\"http:\/\/blogs.florida.es\/floridauniversitariablog\/2020\/02\/ayudando-a-personas-con-diversidad-funcional-a-crecer-con-el-deporte\/\",\"url\":\"http:\/\/blogs.florida.es\/floridauniversitariablog\/2020\/02\/ayudando-a-personas-con-diversidad-funcional-a-crecer-con-el-deporte\/\",\"name\":\"Ayudando a personas con diversidad funcional a crecer con el deporte - Experiencia Florida: Blog\",\"isPartOf\":{\"@id\":\"https:\/\/blogs.florida.es\/floridauniversitariablog\/#website\"},\"datePublished\":\"2020-02-25T09:53:55+00:00\",\"dateModified\":\"2020-11-30T11:14:31+00:00\",\"author\":{\"@id\":\"https:\/\/blogs.florida.es\/floridauniversitariablog\/#\/schema\/person\/b4f91174855694efbc637a78b3e74659\"},\"breadcrumb\":{\"@id\":\"http:\/\/blogs.florida.es\/floridauniversitariablog\/2020\/02\/ayudando-a-personas-con-diversidad-funcional-a-crecer-con-el-deporte\/#breadcrumb\"},\"inLanguage\":\"es\",\"potentialAction\":[{\"@type\":\"ReadAction\",\"target\":[\"http:\/\/blogs.florida.es\/floridauniversitariablog\/2020\/02\/ayudando-a-personas-con-diversidad-funcional-a-crecer-con-el-deporte\/\"]}]},{\"@type\":\"BreadcrumbList\",\"@id\":\"http:\/\/blogs.florida.es\/floridauniversitariablog\/2020\/02\/ayudando-a-personas-con-diversidad-funcional-a-crecer-con-el-deporte\/#breadcrumb\",\"itemListElement\":[{\"@type\":\"ListItem\",\"position\":1,\"name\":\"Portada\",\"item\":\"https:\/\/blogs.florida.es\/floridauniversitariablog\/\"},{\"@type\":\"ListItem\",\"position\":2,\"name\":\"Ayudando a personas con diversidad funcional a crecer con el deporte\"}]},{\"@type\":\"WebSite\",\"@id\":\"https:\/\/blogs.florida.es\/floridauniversitariablog\/#website\",\"url\":\"https:\/\/blogs.florida.es\/floridauniversitariablog\/\",\"name\":\"Experiencia Florida: Blog\",\"description\":\"Experiencia Florida: Nuestro Blog\",\"potentialAction\":[{\"@type\":\"SearchAction\",\"target\":{\"@type\":\"EntryPoint\",\"urlTemplate\":\"https:\/\/blogs.florida.es\/floridauniversitariablog\/?s={search_term_string}\"},\"query-input\":\"required name=search_term_string\"}],\"inLanguage\":\"es\"},{\"@type\":\"Person\",\"@id\":\"https:\/\/blogs.florida.es\/floridauniversitariablog\/#\/schema\/person\/b4f91174855694efbc637a78b3e74659\",\"name\":\"mtmoreno@florida.local\",\"image\":{\"@type\":\"ImageObject\",\"inLanguage\":\"es\",\"@id\":\"https:\/\/blogs.florida.es\/floridauniversitariablog\/#\/schema\/person\/image\/\",\"url\":\"https:\/\/secure.gravatar.com\/avatar\/a292bf8f12a0bebd3ea5e24da579596fc0c0ed61528558850239ad4607f07411?s=96&d=mm&r=g\",\"contentUrl\":\"https:\/\/secure.gravatar.com\/avatar\/a292bf8f12a0bebd3ea5e24da579596fc0c0ed61528558850239ad4607f07411?s=96&d=mm&r=g\",\"caption\":\"mtmoreno@florida.local\"},\"url\":\"https:\/\/blogs.florida.es\/floridauniversitariablog\/author\/mtmoreno\/\"}]}<\/script>\n<!-- \/ Yoast SEO plugin. -->","yoast_head_json":{"title":"Ayudando a personas con diversidad funcional a crecer con el deporte - Experiencia Florida: Blog","robots":{"index":"index","follow":"follow","max-snippet":"max-snippet:-1","max-image-preview":"max-image-preview:large","max-video-preview":"max-video-preview:-1"},"canonical":"http:\/\/blogs.florida.es\/floridauniversitariablog\/2020\/02\/ayudando-a-personas-con-diversidad-funcional-a-crecer-con-el-deporte\/","og_locale":"es_ES","og_type":"article","og_title":"Ayudando a personas con diversidad funcional a crecer con el deporte - Experiencia Florida: Blog","og_description":"El alumnado del ciclo de Conducci\u00f3n de Actividades F\u00edsico Deportivas en el Medio Natural organiz\u00f3 ayer la segunda Jornada del curso de Puertas Adaptadas de Florida Universit\u00e0ria\u00a0 Florida Universit\u00e0ria celebr\u00f3 ayer el segundo Encuentro de Pruebas Adaptadas del curso. La jornada de ayer cont\u00f3 con la participaci\u00f3n de personas asociadas a COPAVA (Entidad coordinadora de [&hellip;]","og_url":"http:\/\/blogs.florida.es\/floridauniversitariablog\/2020\/02\/ayudando-a-personas-con-diversidad-funcional-a-crecer-con-el-deporte\/","og_site_name":"Experiencia Florida: Blog","article_published_time":"2020-02-25T09:53:55+00:00","article_modified_time":"2020-11-30T11:14:31+00:00","og_image":[{"url":"http:\/\/blogs.florida.es\/floridauniversitariablog\/wp-content\/uploads\/sites\/19\/2020\/02\/pruebas-adaptadas-febrero-1-300x225.jpg"}],"author":"mtmoreno@florida.local","twitter_card":"summary_large_image","twitter_misc":{"Escrito por":"mtmoreno@florida.local","Tiempo de lectura":"2 minutos"},"schema":{"@context":"https:\/\/schema.org","@graph":[{"@type":"WebPage","@id":"http:\/\/blogs.florida.es\/floridauniversitariablog\/2020\/02\/ayudando-a-personas-con-diversidad-funcional-a-crecer-con-el-deporte\/","url":"http:\/\/blogs.florida.es\/floridauniversitariablog\/2020\/02\/ayudando-a-personas-con-diversidad-funcional-a-crecer-con-el-deporte\/","name":"Ayudando a personas con diversidad funcional a crecer con el deporte - Experiencia Florida: Blog","isPartOf":{"@id":"https:\/\/blogs.florida.es\/floridauniversitariablog\/#website"},"datePublished":"2020-02-25T09:53:55+00:00","dateModified":"2020-11-30T11:14:31+00:00","author":{"@id":"https:\/\/blogs.florida.es\/floridauniversitariablog\/#\/schema\/person\/b4f91174855694efbc637a78b3e74659"},"breadcrumb":{"@id":"http:\/\/blogs.florida.es\/floridauniversitariablog\/2020\/02\/ayudando-a-personas-con-diversidad-funcional-a-crecer-con-el-deporte\/#breadcrumb"},"inLanguage":"es","potentialAction":[{"@type":"ReadAction","target":["http:\/\/blogs.florida.es\/floridauniversitariablog\/2020\/02\/ayudando-a-personas-con-diversidad-funcional-a-crecer-con-el-deporte\/"]}]},{"@type":"BreadcrumbList","@id":"http:\/\/blogs.florida.es\/floridauniversitariablog\/2020\/02\/ayudando-a-personas-con-diversidad-funcional-a-crecer-con-el-deporte\/#breadcrumb","itemListElement":[{"@type":"ListItem","position":1,"name":"Portada","item":"https:\/\/blogs.florida.es\/floridauniversitariablog\/"},{"@type":"ListItem","position":2,"name":"Ayudando a personas con diversidad funcional a crecer con el deporte"}]},{"@type":"WebSite","@id":"https:\/\/blogs.florida.es\/floridauniversitariablog\/#website","url":"https:\/\/blogs.florida.es\/floridauniversitariablog\/","name":"Experiencia Florida: Blog","description":"Experiencia Florida: Nuestro Blog","potentialAction":[{"@type":"SearchAction","target":{"@type":"EntryPoint","urlTemplate":"https:\/\/blogs.florida.es\/floridauniversitariablog\/?s={search_term_string}"},"query-input":"required name=search_term_string"}],"inLanguage":"es"},{"@type":"Person","@id":"https:\/\/blogs.florida.es\/floridauniversitariablog\/#\/schema\/person\/b4f91174855694efbc637a78b3e74659","name":"mtmoreno@florida.local","image":{"@type":"ImageObject","inLanguage":"es","@id":"https:\/\/blogs.florida.es\/floridauniversitariablog\/#\/schema\/person\/image\/","url":"https:\/\/secure.gravatar.com\/avatar\/a292bf8f12a0bebd3ea5e24da579596fc0c0ed61528558850239ad4607f07411?s=96&d=mm&r=g","contentUrl":"https:\/\/secure.gravatar.com\/avatar\/a292bf8f12a0bebd3ea5e24da579596fc0c0ed61528558850239ad4607f07411?s=96&d=mm&r=g","caption":"mtmoreno@florida.local"},"url":"https:\/\/blogs.florida.es\/floridauniversitariablog\/author\/mtmoreno\/"}]}},"jetpack_publicize_connections":[],"jetpack_featured_media_url":"","jetpack_sharing_enabled":true,"jetpack_shortlink":"https:\/\/wp.me\/pau61W-7V","post_mailing_queue_ids":[],"_links":{"self":[{"href":"https:\/\/blogs.florida.es\/floridauniversitariablog\/wp-json\/wp\/v2\/posts\/491","targetHints":{"allow":["GET"]}}],"collection":[{"href":"https:\/\/blogs.florida.es\/floridauniversitariablog\/wp-json\/wp\/v2\/posts"}],"about":[{"href":"https:\/\/blogs.florida.es\/floridauniversitariablog\/wp-json\/wp\/v2\/types\/post"}],"author":[{"embeddable":true,"href":"https:\/\/blogs.florida.es\/floridauniversitariablog\/wp-json\/wp\/v2\/users\/14"}],"replies":[{"embeddable":true,"href":"https:\/\/blogs.florida.es\/floridauniversitariablog\/wp-json\/wp\/v2\/comments?post=491"}],"version-history":[{"count":3,"href":"https:\/\/blogs.florida.es\/floridauniversitariablog\/wp-json\/wp\/v2\/posts\/491\/revisions"}],"predecessor-version":[{"id":5155,"href":"https:\/\/blogs.florida.es\/floridauniversitariablog\/wp-json\/wp\/v2\/posts\/491\/revisions\/5155"}],"wp:attachment":[{"href":"https:\/\/blogs.florida.es\/floridauniversitariablog\/wp-json\/wp\/v2\/media?parent=491"}],"wp:term":[{"taxonomy":"category","embeddable":true,"href":"https:\/\/blogs.florida.es\/floridauniversitariablog\/wp-json\/wp\/v2\/categories?post=491"},{"taxonomy":"post_tag","embeddable":true,"href":"https:\/\/blogs.florida.es\/floridauniversitariablog\/wp-json\/wp\/v2\/tags?post=491"}],"curies":[{"name":"wp","href":"https:\/\/api.w.org\/{rel}","templated":true}]}}