{"id":5404,"date":"2012-06-20T12:38:34","date_gmt":"2012-06-20T11:38:34","guid":{"rendered":"http:\/\/floridauniversitariaturismo.wordpress.com\/?p=316"},"modified":"2021-01-02T11:52:15","modified_gmt":"2021-01-02T11:52:15","slug":"certamen-de-premios-de-proyecto-integrado","status":"publish","type":"post","link":"https:\/\/blogs.florida.es\/floridauniversitariablog\/2012\/06\/certamen-de-premios-de-proyecto-integrado\/","title":{"rendered":"Certamen de Premios de Proyecto Integrado"},"content":{"rendered":"<p>Florida Universitaria celebr\u00f3 el pasado jueves dia 14 el \u00a0<strong><em>II certamen de Premios de Proyecto Integrado<\/em><\/strong>, dirigido los equipos de alumnos y alumnas que han elaborado estos proyectos integrados a lo largo del curso.\u00a0Las tem\u00e1ticas de estos trabajos han sido\u00a0\u201cAn\u00e1lisis tur\u00edstico de un territorio de la Comunidad Valenciana\u201d o \u201cPlan de dinamizaci\u00f3n tur\u00edstica de una comarca\u201d para el Grado en Turismo.<\/p>\n<div>\u00a0Los equipo premiados fueron:<\/div>\n<div><\/div>\n<div>\n<h4><span style=\"text-decoration:underline\">1\u00ba Grado, An\u00e1lisis tur\u00edstico de un territorio de la Comunidad Valenciana.<\/span><\/h4>\n<p>1er Premio<br \/>\n<strong>Equipo: An\u00e1lisis tur\u00edstico de Pe\u00f1iscola<a href=\"https:\/\/blogs.florida.es\/floridauniversitariaturismo\/wp-content\/uploads\/sites\/15\/2012\/06\/dsc08389.jpg\"><img loading=\"lazy\" decoding=\"async\" class=\"alignright size-medium wp-image-322\" title=\"SONY DSC\" src=\"https:\/\/blogs.florida.es\/floridauniversitariaturismo\/wp-content\/uploads\/sites\/15\/2012\/06\/dsc08389.jpg?w=300\" alt=\"\" width=\"300\" height=\"200\" \/><\/a><\/strong><br \/>\n<strong>Coordinadora: Ana Lopaz<\/strong><br \/>\nGloria Carratal\u00e1 Bordanova<br \/>\nGuillem Rubio Ruedas<br \/>\nAlba \u00dabeda Ba\u00f1\u00f3n<br \/>\nRebeca Polo Polo<br \/>\nDavid Carrasco Guillam\u00f3n<\/p>\n<p style=\"text-align:justify\"><strong><span style=\"color:#0000ff\">EVALUADOR EXTERNO 1\u00ba: Jose Antonio Garc\u00eda. Director RR.HH: Hotel Holiday Inn Valencia.<\/span><\/strong><\/p>\n<h4><span style=\"text-decoration:underline\">2\u00ba Grado, Plan de Dinamizaci\u00f3n tur\u00edstica de una comarca de la Comunidad Valenciana.<\/span><\/h4>\n<p>1er Premio<br \/>\n<strong>Equipo: Plan de dinamizaci\u00f3n Tur\u00edstica de Utiel Requena<\/strong><br \/>\n<strong>Coordinadora: Amparo Valles<a href=\"https:\/\/blogs.florida.es\/floridauniversitariaturismo\/wp-content\/uploads\/sites\/15\/2012\/06\/dsc08398.jpg\"><img loading=\"lazy\" decoding=\"async\" class=\"alignright size-medium wp-image-319\" title=\"SONY DSC\" src=\"https:\/\/blogs.florida.es\/floridauniversitariaturismo\/wp-content\/uploads\/sites\/15\/2012\/06\/dsc08398.jpg?w=300\" alt=\"\" width=\"300\" height=\"200\" \/><\/a><\/strong><br \/>\nCristina Blasco<br \/>\nNadia Lluna<br \/>\nAitana Molina<br \/>\nXavier Ortiz<br \/>\nDiana P\u00e9rez<br \/>\n<strong><span style=\"color:#0000ff\">EVALUADOR EXTERNO 2\u00ba: Amparo Mart\u00ednez, directora de INNOVA PLANNING BUREAU.<\/span><\/strong>\n<\/div>\n","protected":false},"excerpt":{"rendered":"<p>Florida Universitaria celebr\u00f3 el pasado jueves dia 14 el \u00a0II certamen de Premios de Proyecto Integrado, dirigido los equipos de alumnos y alumnas que han elaborado estos proyectos integrados a lo largo del curso.\u00a0Las tem\u00e1ticas de estos trabajos han sido\u00a0\u201cAn\u00e1lisis tur\u00edstico de un territorio de la Comunidad Valenciana\u201d o \u201cPlan de dinamizaci\u00f3n tur\u00edstica de una [&hellip;]<\/p>\n","protected":false},"author":14,"featured_media":0,"comment_status":"open","ping_status":"open","sticky":false,"template":"","format":"standard","meta":{"jetpack_post_was_ever_published":false,"_jetpack_newsletter_access":"","_jetpack_dont_email_post_to_subs":false,"_jetpack_newsletter_tier_id":0,"_jetpack_memberships_contains_paywalled_content":false,"_jetpack_memberships_contains_paid_content":false,"footnotes":"","jetpack_publicize_message":"","jetpack_publicize_feature_enabled":true,"jetpack_social_post_already_shared":true,"jetpack_social_options":{"image_generator_settings":{"template":"highway","default_image_id":0,"font":"","enabled":false},"version":2}},"categories":[8],"tags":[9,10,11,14,15],"class_list":["post-5404","post","type-post","status-publish","format-standard","hentry","category-turismo","tag-florida-universitaria","tag-premios","tag-proyecto-integrado","tag-universidad","tag-valencia"],"yoast_head":"<!-- This site is optimized with the Yoast SEO plugin v21.6 - https:\/\/yoast.com\/wordpress\/plugins\/seo\/ -->\n<title>Certamen de Premios de Proyecto Integrado - Experiencia Florida: Blog<\/title>\n<meta name=\"robots\" content=\"index, follow, max-snippet:-1, max-image-preview:large, max-video-preview:-1\" \/>\n<link rel=\"canonical\" href=\"http:\/\/blogs.florida.es\/floridauniversitariablog\/2012\/06\/certamen-de-premios-de-proyecto-integrado\/\" \/>\n<meta property=\"og:locale\" content=\"es_ES\" \/>\n<meta property=\"og:type\" content=\"article\" \/>\n<meta property=\"og:title\" content=\"Certamen de Premios de Proyecto Integrado - Experiencia Florida: Blog\" \/>\n<meta property=\"og:description\" content=\"Florida Universitaria celebr\u00f3 el pasado jueves dia 14 el \u00a0II certamen de Premios de Proyecto Integrado, dirigido los equipos de alumnos y alumnas que han elaborado estos proyectos integrados a lo largo del curso.\u00a0Las tem\u00e1ticas de estos trabajos han sido\u00a0\u201cAn\u00e1lisis tur\u00edstico de un territorio de la Comunidad Valenciana\u201d o \u201cPlan de dinamizaci\u00f3n tur\u00edstica de una [&hellip;]\" \/>\n<meta property=\"og:url\" content=\"http:\/\/blogs.florida.es\/floridauniversitariablog\/2012\/06\/certamen-de-premios-de-proyecto-integrado\/\" \/>\n<meta property=\"og:site_name\" content=\"Experiencia Florida: Blog\" \/>\n<meta property=\"article:published_time\" content=\"2012-06-20T11:38:34+00:00\" \/>\n<meta property=\"article:modified_time\" content=\"2021-01-02T11:52:15+00:00\" \/>\n<meta property=\"og:image\" content=\"https:\/\/blogs.florida.es\/floridauniversitariaturismo\/wp-content\/uploads\/sites\/15\/2012\/06\/dsc08389.jpg?w=300\" \/>\n<meta name=\"author\" content=\"mtmoreno@florida.local\" \/>\n<meta name=\"twitter:card\" content=\"summary_large_image\" \/>\n<meta name=\"twitter:label1\" content=\"Escrito por\" \/>\n\t<meta name=\"twitter:data1\" content=\"mtmoreno@florida.local\" \/>\n\t<meta name=\"twitter:label2\" content=\"Tiempo de lectura\" \/>\n\t<meta name=\"twitter:data2\" content=\"1 minuto\" \/>\n<script type=\"application\/ld+json\" class=\"yoast-schema-graph\">{\"@context\":\"https:\/\/schema.org\",\"@graph\":[{\"@type\":\"WebPage\",\"@id\":\"http:\/\/blogs.florida.es\/floridauniversitariablog\/2012\/06\/certamen-de-premios-de-proyecto-integrado\/\",\"url\":\"http:\/\/blogs.florida.es\/floridauniversitariablog\/2012\/06\/certamen-de-premios-de-proyecto-integrado\/\",\"name\":\"Certamen de Premios de Proyecto Integrado - Experiencia Florida: Blog\",\"isPartOf\":{\"@id\":\"https:\/\/blogs.florida.es\/floridauniversitariablog\/#website\"},\"datePublished\":\"2012-06-20T11:38:34+00:00\",\"dateModified\":\"2021-01-02T11:52:15+00:00\",\"author\":{\"@id\":\"https:\/\/blogs.florida.es\/floridauniversitariablog\/#\/schema\/person\/b4f91174855694efbc637a78b3e74659\"},\"breadcrumb\":{\"@id\":\"http:\/\/blogs.florida.es\/floridauniversitariablog\/2012\/06\/certamen-de-premios-de-proyecto-integrado\/#breadcrumb\"},\"inLanguage\":\"es\",\"potentialAction\":[{\"@type\":\"ReadAction\",\"target\":[\"http:\/\/blogs.florida.es\/floridauniversitariablog\/2012\/06\/certamen-de-premios-de-proyecto-integrado\/\"]}]},{\"@type\":\"BreadcrumbList\",\"@id\":\"http:\/\/blogs.florida.es\/floridauniversitariablog\/2012\/06\/certamen-de-premios-de-proyecto-integrado\/#breadcrumb\",\"itemListElement\":[{\"@type\":\"ListItem\",\"position\":1,\"name\":\"Portada\",\"item\":\"https:\/\/blogs.florida.es\/floridauniversitariablog\/\"},{\"@type\":\"ListItem\",\"position\":2,\"name\":\"Certamen de Premios de Proyecto Integrado\"}]},{\"@type\":\"WebSite\",\"@id\":\"https:\/\/blogs.florida.es\/floridauniversitariablog\/#website\",\"url\":\"https:\/\/blogs.florida.es\/floridauniversitariablog\/\",\"name\":\"Experiencia Florida: Blog\",\"description\":\"Experiencia Florida: Nuestro Blog\",\"potentialAction\":[{\"@type\":\"SearchAction\",\"target\":{\"@type\":\"EntryPoint\",\"urlTemplate\":\"https:\/\/blogs.florida.es\/floridauniversitariablog\/?s={search_term_string}\"},\"query-input\":\"required name=search_term_string\"}],\"inLanguage\":\"es\"},{\"@type\":\"Person\",\"@id\":\"https:\/\/blogs.florida.es\/floridauniversitariablog\/#\/schema\/person\/b4f91174855694efbc637a78b3e74659\",\"name\":\"mtmoreno@florida.local\",\"image\":{\"@type\":\"ImageObject\",\"inLanguage\":\"es\",\"@id\":\"https:\/\/blogs.florida.es\/floridauniversitariablog\/#\/schema\/person\/image\/\",\"url\":\"https:\/\/secure.gravatar.com\/avatar\/a292bf8f12a0bebd3ea5e24da579596fc0c0ed61528558850239ad4607f07411?s=96&d=mm&r=g\",\"contentUrl\":\"https:\/\/secure.gravatar.com\/avatar\/a292bf8f12a0bebd3ea5e24da579596fc0c0ed61528558850239ad4607f07411?s=96&d=mm&r=g\",\"caption\":\"mtmoreno@florida.local\"},\"url\":\"https:\/\/blogs.florida.es\/floridauniversitariablog\/author\/mtmoreno\/\"}]}<\/script>\n<!-- \/ Yoast SEO plugin. -->","yoast_head_json":{"title":"Certamen de Premios de Proyecto Integrado - Experiencia Florida: Blog","robots":{"index":"index","follow":"follow","max-snippet":"max-snippet:-1","max-image-preview":"max-image-preview:large","max-video-preview":"max-video-preview:-1"},"canonical":"http:\/\/blogs.florida.es\/floridauniversitariablog\/2012\/06\/certamen-de-premios-de-proyecto-integrado\/","og_locale":"es_ES","og_type":"article","og_title":"Certamen de Premios de Proyecto Integrado - Experiencia Florida: Blog","og_description":"Florida Universitaria celebr\u00f3 el pasado jueves dia 14 el \u00a0II certamen de Premios de Proyecto Integrado, dirigido los equipos de alumnos y alumnas que han elaborado estos proyectos integrados a lo largo del curso.\u00a0Las tem\u00e1ticas de estos trabajos han sido\u00a0\u201cAn\u00e1lisis tur\u00edstico de un territorio de la Comunidad Valenciana\u201d o \u201cPlan de dinamizaci\u00f3n tur\u00edstica de una [&hellip;]","og_url":"http:\/\/blogs.florida.es\/floridauniversitariablog\/2012\/06\/certamen-de-premios-de-proyecto-integrado\/","og_site_name":"Experiencia Florida: Blog","article_published_time":"2012-06-20T11:38:34+00:00","article_modified_time":"2021-01-02T11:52:15+00:00","og_image":[{"url":"https:\/\/blogs.florida.es\/floridauniversitariaturismo\/wp-content\/uploads\/sites\/15\/2012\/06\/dsc08389.jpg?w=300"}],"author":"mtmoreno@florida.local","twitter_card":"summary_large_image","twitter_misc":{"Escrito por":"mtmoreno@florida.local","Tiempo de lectura":"1 minuto"},"schema":{"@context":"https:\/\/schema.org","@graph":[{"@type":"WebPage","@id":"http:\/\/blogs.florida.es\/floridauniversitariablog\/2012\/06\/certamen-de-premios-de-proyecto-integrado\/","url":"http:\/\/blogs.florida.es\/floridauniversitariablog\/2012\/06\/certamen-de-premios-de-proyecto-integrado\/","name":"Certamen de Premios de Proyecto Integrado - Experiencia Florida: Blog","isPartOf":{"@id":"https:\/\/blogs.florida.es\/floridauniversitariablog\/#website"},"datePublished":"2012-06-20T11:38:34+00:00","dateModified":"2021-01-02T11:52:15+00:00","author":{"@id":"https:\/\/blogs.florida.es\/floridauniversitariablog\/#\/schema\/person\/b4f91174855694efbc637a78b3e74659"},"breadcrumb":{"@id":"http:\/\/blogs.florida.es\/floridauniversitariablog\/2012\/06\/certamen-de-premios-de-proyecto-integrado\/#breadcrumb"},"inLanguage":"es","potentialAction":[{"@type":"ReadAction","target":["http:\/\/blogs.florida.es\/floridauniversitariablog\/2012\/06\/certamen-de-premios-de-proyecto-integrado\/"]}]},{"@type":"BreadcrumbList","@id":"http:\/\/blogs.florida.es\/floridauniversitariablog\/2012\/06\/certamen-de-premios-de-proyecto-integrado\/#breadcrumb","itemListElement":[{"@type":"ListItem","position":1,"name":"Portada","item":"https:\/\/blogs.florida.es\/floridauniversitariablog\/"},{"@type":"ListItem","position":2,"name":"Certamen de Premios de Proyecto Integrado"}]},{"@type":"WebSite","@id":"https:\/\/blogs.florida.es\/floridauniversitariablog\/#website","url":"https:\/\/blogs.florida.es\/floridauniversitariablog\/","name":"Experiencia Florida: Blog","description":"Experiencia Florida: Nuestro Blog","potentialAction":[{"@type":"SearchAction","target":{"@type":"EntryPoint","urlTemplate":"https:\/\/blogs.florida.es\/floridauniversitariablog\/?s={search_term_string}"},"query-input":"required name=search_term_string"}],"inLanguage":"es"},{"@type":"Person","@id":"https:\/\/blogs.florida.es\/floridauniversitariablog\/#\/schema\/person\/b4f91174855694efbc637a78b3e74659","name":"mtmoreno@florida.local","image":{"@type":"ImageObject","inLanguage":"es","@id":"https:\/\/blogs.florida.es\/floridauniversitariablog\/#\/schema\/person\/image\/","url":"https:\/\/secure.gravatar.com\/avatar\/a292bf8f12a0bebd3ea5e24da579596fc0c0ed61528558850239ad4607f07411?s=96&d=mm&r=g","contentUrl":"https:\/\/secure.gravatar.com\/avatar\/a292bf8f12a0bebd3ea5e24da579596fc0c0ed61528558850239ad4607f07411?s=96&d=mm&r=g","caption":"mtmoreno@florida.local"},"url":"https:\/\/blogs.florida.es\/floridauniversitariablog\/author\/mtmoreno\/"}]}},"jetpack_publicize_connections":[],"jetpack_featured_media_url":"","jetpack_sharing_enabled":true,"jetpack_shortlink":"https:\/\/wp.me\/pau61W-1pa","post_mailing_queue_ids":[],"_links":{"self":[{"href":"https:\/\/blogs.florida.es\/floridauniversitariablog\/wp-json\/wp\/v2\/posts\/5404","targetHints":{"allow":["GET"]}}],"collection":[{"href":"https:\/\/blogs.florida.es\/floridauniversitariablog\/wp-json\/wp\/v2\/posts"}],"about":[{"href":"https:\/\/blogs.florida.es\/floridauniversitariablog\/wp-json\/wp\/v2\/types\/post"}],"author":[{"embeddable":true,"href":"https:\/\/blogs.florida.es\/floridauniversitariablog\/wp-json\/wp\/v2\/users\/14"}],"replies":[{"embeddable":true,"href":"https:\/\/blogs.florida.es\/floridauniversitariablog\/wp-json\/wp\/v2\/comments?post=5404"}],"version-history":[{"count":1,"href":"https:\/\/blogs.florida.es\/floridauniversitariablog\/wp-json\/wp\/v2\/posts\/5404\/revisions"}],"predecessor-version":[{"id":5555,"href":"https:\/\/blogs.florida.es\/floridauniversitariablog\/wp-json\/wp\/v2\/posts\/5404\/revisions\/5555"}],"wp:attachment":[{"href":"https:\/\/blogs.florida.es\/floridauniversitariablog\/wp-json\/wp\/v2\/media?parent=5404"}],"wp:term":[{"taxonomy":"category","embeddable":true,"href":"https:\/\/blogs.florida.es\/floridauniversitariablog\/wp-json\/wp\/v2\/categories?post=5404"},{"taxonomy":"post_tag","embeddable":true,"href":"https:\/\/blogs.florida.es\/floridauniversitariablog\/wp-json\/wp\/v2\/tags?post=5404"}],"curies":[{"name":"wp","href":"https:\/\/api.w.org\/{rel}","templated":true}]}}