{"id":5678,"date":"2019-06-18T09:47:18","date_gmt":"2019-06-18T09:47:18","guid":{"rendered":"http:\/\/blogs.florida.es\/floridauniversitariaempresa\/?p=876"},"modified":"2019-06-18T09:47:18","modified_gmt":"2019-06-18T09:47:18","slug":"he-logrado-lanzar-mi-propia-marca-de-ropa-el-profesorado-no-solo-ha-respondido-se-ha-involucrado-en-mi-proyecto","status":"publish","type":"post","link":"https:\/\/blogs.florida.es\/floridauniversitariablog\/2019\/06\/he-logrado-lanzar-mi-propia-marca-de-ropa-el-profesorado-no-solo-ha-respondido-se-ha-involucrado-en-mi-proyecto\/","title":{"rendered":"\u201cHe logrado lanzar mi propia marca de ropa. El profesorado no solo ha respondido, se ha involucrado en mi proyecto\u201d"},"content":{"rendered":"<p style=\"text-align: justify\"><strong><img loading=\"lazy\" decoding=\"async\" class=\" wp-image-878 alignleft\" src=\"https:\/\/blogs.florida.es\/floridauniversitariaempresa\/wp-content\/uploads\/sites\/16\/2019\/06\/noti-alumno-sandoval-683x1024.jpg\" alt=\"\" width=\"357\" height=\"536\" \/>JAVIER SANDOVAL. <\/strong><strong>Alumno del ciclo de <a href=\"https:\/\/www.floridauniversitaria.es\/es-ES\/OfertaAcademica\/ciclosformativos\/Paginas\/marketing-y-publicidad.aspx?Perfil=Florida+Universitaria&amp;cicloformativo=Marketing+y+Publicidad\" target=\"_blank\" rel=\"noopener noreferrer\">Marketing y Publicidad<\/a> de Florida Universit\u00e0ria<\/strong><\/p>\n<p style=\"text-align: justify\"><strong>\u00bfQu\u00e9 te ha aportado estudiar el ciclo de Marketing y Publicidad en Florida Universit\u00e0ria?<\/strong><\/p>\n<p style=\"text-align: justify\"><em>&#8211; Este ciclo me ha ense\u00f1ado a saber c\u00f3mo llevar mis conocimientos a la pr\u00e1ctica. Cuando comenc\u00e9 el curso mis conocimientos sobre el c\u00f3mo mostrarse ante el cliente, c\u00f3mo trabajar en equipo o qu\u00e9 t\u00e9cnicas me ayudan a desenvolverme en este sector eran muy te\u00f3ricos, pero gracias las clases he aprendido y mejorado para aplicarlos a la vida real.<\/em><\/p>\n<p style=\"text-align: justify\"><strong>\u00bfCrees que tu experiencia en Florida Universit\u00e0ria aporta un valor a\u00f1adido a tu inserci\u00f3n en el mercado laboral?<\/strong><strong>\u00a0<\/strong><\/p>\n<p style=\"text-align: justify\"><em>-\u00a1Sin duda! El profesorado me ha ayudado a participar de manera activa en organizaci\u00f3n de eventos reales, formando parte de equipos en distintos roles y me han asesorado para impulsar Yegery, mi propia marca de ropa. Adem\u00e1s, todos los profesores se han implicado en mi proyecto. Me han ayudado a resolver dudas con las que me he ido encontrando y, al tener tantos trabajos pr\u00e1cticos, he tenido la oportunidad de basarlos en mi marca de ropa. De esa manera, he podido aplicar el trabajo de clase a la realidad de Yegery.<\/em><strong>\u00a0<\/strong><\/p>\n<p style=\"text-align: justify\"><strong>La metodolog\u00eda basada en experiencias es una de las esencias del modelo educativo de Florida Universit\u00e0ria. \u00bfHas podido realizar proyectos reales en tu formaci\u00f3n?<\/strong><\/p>\n<p style=\"text-align: justify\"><em>&#8211; S\u00ed, el \u00faltimo ha sido FLORIDA EXPO; un proyecto cuyo objetivo es la organizaci\u00f3n de un evento en el que se exponen en stands los mejores proyectos de final de grado de cada grado superior del centro. Nuestra labor se ha centrado en implicarnos (por parejas) en un grupo y ayudarles a \u201cvender\u201d su producto. Durante la organizaci\u00f3n les hemos aportado conocimientos pata exponer el proyecto en p\u00fablico, a dise\u00f1ar su carteler\u00eda y sus tr\u00edpticos informativos. Adem\u00e1s, yo tuve la oportunidad de exponer mi propio proyecto, mi marca de ropa, con un stand donde di a conocer mis prendas de ropa y la filosof\u00eda de mi marca. En esta feria tuve la oportunidad de hacer nuevos contactos para colaborar en proyectos de moda.<\/em><\/p>\n<p style=\"text-align: justify\"><strong>\u00bfRecomendar\u00edas a futuro alumnado cursar este ciclo en Florida Universit\u00e0ria?<\/strong><\/p>\n<p style=\"text-align: justify\"><em>&#8211; Por supuesto. Ha sido el a\u00f1o en el que m\u00e1s he aprendido en todos los sentidos. He estado muy a gusto y motivado en la mayor\u00eda de las clases, ya que no son las usuales lecciones de llegar a clase, escuchar al profesor como nos explica un temario, tomo apuntes y me voy a casa. En Florida Universit\u00e0ria los profesores nos implicaban en la mayor\u00eda de los temas. Todas las semanas ten\u00edamos trabajos pr\u00e1cticos en los que plasm\u00e1bamos todo lo aprendido y adem\u00e1s hemos cursado una asignatura llamada \u201cLanzamiento de producto\u201d que dividi\u00e9ndonos en grupos hemos lanzado un producto innovador y que no est\u00e1 en el mercado ficticiamente a la venta. Planificando todo el trabajo previo a su lanzamiento y estructurando todas las acciones de promoci\u00f3n y dem\u00e1s que se deb\u00edan realizar. <\/em>\u00a0<em>Ha sido un curso en el que me han ayudado como nunca, en todas las dudas ajenas al grado y en las que no solamente me han respondido, sino que se han involucrado. <\/em><\/p>\n","protected":false},"excerpt":{"rendered":"<p>JAVIER SANDOVAL. Alumno del ciclo de Marketing y Publicidad de Florida Universit\u00e0ria \u00bfQu\u00e9 te ha aportado estudiar el ciclo de Marketing y Publicidad en Florida Universit\u00e0ria? &#8211; Este ciclo me ha ense\u00f1ado a saber c\u00f3mo llevar mis conocimientos a la pr\u00e1ctica. Cuando comenc\u00e9 el curso mis conocimientos sobre el c\u00f3mo mostrarse ante el cliente, c\u00f3mo [&hellip;]<\/p>\n","protected":false},"author":14,"featured_media":0,"comment_status":"closed","ping_status":"closed","sticky":false,"template":"","format":"standard","meta":{"jetpack_post_was_ever_published":false,"_jetpack_newsletter_access":"","_jetpack_dont_email_post_to_subs":false,"_jetpack_newsletter_tier_id":0,"_jetpack_memberships_contains_paywalled_content":false,"_jetpack_memberships_contains_paid_content":false,"footnotes":"","jetpack_publicize_message":"","jetpack_publicize_feature_enabled":true,"jetpack_social_post_already_shared":true,"jetpack_social_options":{"image_generator_settings":{"template":"highway","default_image_id":0,"font":"","enabled":false},"version":2}},"categories":[57,5],"tags":[],"class_list":["post-5678","post","type-post","status-publish","format-standard","hentry","category-marketing-y-publicidad","category-negocios-logistica"],"yoast_head":"<!-- This site is optimized with the Yoast SEO plugin v21.6 - https:\/\/yoast.com\/wordpress\/plugins\/seo\/ -->\n<title>\u201cHe logrado lanzar mi propia marca de ropa. El profesorado no solo ha respondido, se ha involucrado en mi proyecto\u201d - Experiencia Florida: Blog<\/title>\n<meta name=\"robots\" content=\"index, follow, max-snippet:-1, max-image-preview:large, max-video-preview:-1\" \/>\n<link rel=\"canonical\" href=\"http:\/\/blogs.florida.es\/floridauniversitariablog\/2019\/06\/he-logrado-lanzar-mi-propia-marca-de-ropa-el-profesorado-no-solo-ha-respondido-se-ha-involucrado-en-mi-proyecto\/\" \/>\n<meta property=\"og:locale\" content=\"es_ES\" \/>\n<meta property=\"og:type\" content=\"article\" \/>\n<meta property=\"og:title\" content=\"\u201cHe logrado lanzar mi propia marca de ropa. El profesorado no solo ha respondido, se ha involucrado en mi proyecto\u201d - Experiencia Florida: Blog\" \/>\n<meta property=\"og:description\" content=\"JAVIER SANDOVAL. Alumno del ciclo de Marketing y Publicidad de Florida Universit\u00e0ria \u00bfQu\u00e9 te ha aportado estudiar el ciclo de Marketing y Publicidad en Florida Universit\u00e0ria? &#8211; Este ciclo me ha ense\u00f1ado a saber c\u00f3mo llevar mis conocimientos a la pr\u00e1ctica. Cuando comenc\u00e9 el curso mis conocimientos sobre el c\u00f3mo mostrarse ante el cliente, c\u00f3mo [&hellip;]\" \/>\n<meta property=\"og:url\" content=\"http:\/\/blogs.florida.es\/floridauniversitariablog\/2019\/06\/he-logrado-lanzar-mi-propia-marca-de-ropa-el-profesorado-no-solo-ha-respondido-se-ha-involucrado-en-mi-proyecto\/\" \/>\n<meta property=\"og:site_name\" content=\"Experiencia Florida: Blog\" \/>\n<meta property=\"article:published_time\" content=\"2019-06-18T09:47:18+00:00\" \/>\n<meta property=\"og:image\" content=\"https:\/\/blogs.florida.es\/floridauniversitariaempresa\/wp-content\/uploads\/sites\/16\/2019\/06\/noti-alumno-sandoval-683x1024.jpg\" \/>\n<meta name=\"author\" content=\"mtmoreno@florida.local\" \/>\n<meta name=\"twitter:card\" content=\"summary_large_image\" \/>\n<meta name=\"twitter:label1\" content=\"Escrito por\" \/>\n\t<meta name=\"twitter:data1\" content=\"mtmoreno@florida.local\" \/>\n\t<meta name=\"twitter:label2\" content=\"Tiempo de lectura\" \/>\n\t<meta name=\"twitter:data2\" content=\"3 minutos\" \/>\n<script type=\"application\/ld+json\" class=\"yoast-schema-graph\">{\"@context\":\"https:\/\/schema.org\",\"@graph\":[{\"@type\":\"WebPage\",\"@id\":\"http:\/\/blogs.florida.es\/floridauniversitariablog\/2019\/06\/he-logrado-lanzar-mi-propia-marca-de-ropa-el-profesorado-no-solo-ha-respondido-se-ha-involucrado-en-mi-proyecto\/\",\"url\":\"http:\/\/blogs.florida.es\/floridauniversitariablog\/2019\/06\/he-logrado-lanzar-mi-propia-marca-de-ropa-el-profesorado-no-solo-ha-respondido-se-ha-involucrado-en-mi-proyecto\/\",\"name\":\"\u201cHe logrado lanzar mi propia marca de ropa. El profesorado no solo ha respondido, se ha involucrado en mi proyecto\u201d - Experiencia Florida: Blog\",\"isPartOf\":{\"@id\":\"https:\/\/blogs.florida.es\/floridauniversitariablog\/#website\"},\"datePublished\":\"2019-06-18T09:47:18+00:00\",\"dateModified\":\"2019-06-18T09:47:18+00:00\",\"author\":{\"@id\":\"https:\/\/blogs.florida.es\/floridauniversitariablog\/#\/schema\/person\/b4f91174855694efbc637a78b3e74659\"},\"breadcrumb\":{\"@id\":\"http:\/\/blogs.florida.es\/floridauniversitariablog\/2019\/06\/he-logrado-lanzar-mi-propia-marca-de-ropa-el-profesorado-no-solo-ha-respondido-se-ha-involucrado-en-mi-proyecto\/#breadcrumb\"},\"inLanguage\":\"es\",\"potentialAction\":[{\"@type\":\"ReadAction\",\"target\":[\"http:\/\/blogs.florida.es\/floridauniversitariablog\/2019\/06\/he-logrado-lanzar-mi-propia-marca-de-ropa-el-profesorado-no-solo-ha-respondido-se-ha-involucrado-en-mi-proyecto\/\"]}]},{\"@type\":\"BreadcrumbList\",\"@id\":\"http:\/\/blogs.florida.es\/floridauniversitariablog\/2019\/06\/he-logrado-lanzar-mi-propia-marca-de-ropa-el-profesorado-no-solo-ha-respondido-se-ha-involucrado-en-mi-proyecto\/#breadcrumb\",\"itemListElement\":[{\"@type\":\"ListItem\",\"position\":1,\"name\":\"Portada\",\"item\":\"https:\/\/blogs.florida.es\/floridauniversitariablog\/\"},{\"@type\":\"ListItem\",\"position\":2,\"name\":\"\u201cHe logrado lanzar mi propia marca de ropa. El profesorado no solo ha respondido, se ha involucrado en mi proyecto\u201d\"}]},{\"@type\":\"WebSite\",\"@id\":\"https:\/\/blogs.florida.es\/floridauniversitariablog\/#website\",\"url\":\"https:\/\/blogs.florida.es\/floridauniversitariablog\/\",\"name\":\"Experiencia Florida: Blog\",\"description\":\"Experiencia Florida: Nuestro Blog\",\"potentialAction\":[{\"@type\":\"SearchAction\",\"target\":{\"@type\":\"EntryPoint\",\"urlTemplate\":\"https:\/\/blogs.florida.es\/floridauniversitariablog\/?s={search_term_string}\"},\"query-input\":\"required name=search_term_string\"}],\"inLanguage\":\"es\"},{\"@type\":\"Person\",\"@id\":\"https:\/\/blogs.florida.es\/floridauniversitariablog\/#\/schema\/person\/b4f91174855694efbc637a78b3e74659\",\"name\":\"mtmoreno@florida.local\",\"image\":{\"@type\":\"ImageObject\",\"inLanguage\":\"es\",\"@id\":\"https:\/\/blogs.florida.es\/floridauniversitariablog\/#\/schema\/person\/image\/\",\"url\":\"https:\/\/secure.gravatar.com\/avatar\/a292bf8f12a0bebd3ea5e24da579596fc0c0ed61528558850239ad4607f07411?s=96&d=mm&r=g\",\"contentUrl\":\"https:\/\/secure.gravatar.com\/avatar\/a292bf8f12a0bebd3ea5e24da579596fc0c0ed61528558850239ad4607f07411?s=96&d=mm&r=g\",\"caption\":\"mtmoreno@florida.local\"},\"url\":\"https:\/\/blogs.florida.es\/floridauniversitariablog\/author\/mtmoreno\/\"}]}<\/script>\n<!-- \/ Yoast SEO plugin. -->","yoast_head_json":{"title":"\u201cHe logrado lanzar mi propia marca de ropa. El profesorado no solo ha respondido, se ha involucrado en mi proyecto\u201d - Experiencia Florida: Blog","robots":{"index":"index","follow":"follow","max-snippet":"max-snippet:-1","max-image-preview":"max-image-preview:large","max-video-preview":"max-video-preview:-1"},"canonical":"http:\/\/blogs.florida.es\/floridauniversitariablog\/2019\/06\/he-logrado-lanzar-mi-propia-marca-de-ropa-el-profesorado-no-solo-ha-respondido-se-ha-involucrado-en-mi-proyecto\/","og_locale":"es_ES","og_type":"article","og_title":"\u201cHe logrado lanzar mi propia marca de ropa. El profesorado no solo ha respondido, se ha involucrado en mi proyecto\u201d - Experiencia Florida: Blog","og_description":"JAVIER SANDOVAL. Alumno del ciclo de Marketing y Publicidad de Florida Universit\u00e0ria \u00bfQu\u00e9 te ha aportado estudiar el ciclo de Marketing y Publicidad en Florida Universit\u00e0ria? &#8211; Este ciclo me ha ense\u00f1ado a saber c\u00f3mo llevar mis conocimientos a la pr\u00e1ctica. Cuando comenc\u00e9 el curso mis conocimientos sobre el c\u00f3mo mostrarse ante el cliente, c\u00f3mo [&hellip;]","og_url":"http:\/\/blogs.florida.es\/floridauniversitariablog\/2019\/06\/he-logrado-lanzar-mi-propia-marca-de-ropa-el-profesorado-no-solo-ha-respondido-se-ha-involucrado-en-mi-proyecto\/","og_site_name":"Experiencia Florida: Blog","article_published_time":"2019-06-18T09:47:18+00:00","og_image":[{"url":"https:\/\/blogs.florida.es\/floridauniversitariaempresa\/wp-content\/uploads\/sites\/16\/2019\/06\/noti-alumno-sandoval-683x1024.jpg"}],"author":"mtmoreno@florida.local","twitter_card":"summary_large_image","twitter_misc":{"Escrito por":"mtmoreno@florida.local","Tiempo de lectura":"3 minutos"},"schema":{"@context":"https:\/\/schema.org","@graph":[{"@type":"WebPage","@id":"http:\/\/blogs.florida.es\/floridauniversitariablog\/2019\/06\/he-logrado-lanzar-mi-propia-marca-de-ropa-el-profesorado-no-solo-ha-respondido-se-ha-involucrado-en-mi-proyecto\/","url":"http:\/\/blogs.florida.es\/floridauniversitariablog\/2019\/06\/he-logrado-lanzar-mi-propia-marca-de-ropa-el-profesorado-no-solo-ha-respondido-se-ha-involucrado-en-mi-proyecto\/","name":"\u201cHe logrado lanzar mi propia marca de ropa. El profesorado no solo ha respondido, se ha involucrado en mi proyecto\u201d - Experiencia Florida: Blog","isPartOf":{"@id":"https:\/\/blogs.florida.es\/floridauniversitariablog\/#website"},"datePublished":"2019-06-18T09:47:18+00:00","dateModified":"2019-06-18T09:47:18+00:00","author":{"@id":"https:\/\/blogs.florida.es\/floridauniversitariablog\/#\/schema\/person\/b4f91174855694efbc637a78b3e74659"},"breadcrumb":{"@id":"http:\/\/blogs.florida.es\/floridauniversitariablog\/2019\/06\/he-logrado-lanzar-mi-propia-marca-de-ropa-el-profesorado-no-solo-ha-respondido-se-ha-involucrado-en-mi-proyecto\/#breadcrumb"},"inLanguage":"es","potentialAction":[{"@type":"ReadAction","target":["http:\/\/blogs.florida.es\/floridauniversitariablog\/2019\/06\/he-logrado-lanzar-mi-propia-marca-de-ropa-el-profesorado-no-solo-ha-respondido-se-ha-involucrado-en-mi-proyecto\/"]}]},{"@type":"BreadcrumbList","@id":"http:\/\/blogs.florida.es\/floridauniversitariablog\/2019\/06\/he-logrado-lanzar-mi-propia-marca-de-ropa-el-profesorado-no-solo-ha-respondido-se-ha-involucrado-en-mi-proyecto\/#breadcrumb","itemListElement":[{"@type":"ListItem","position":1,"name":"Portada","item":"https:\/\/blogs.florida.es\/floridauniversitariablog\/"},{"@type":"ListItem","position":2,"name":"\u201cHe logrado lanzar mi propia marca de ropa. El profesorado no solo ha respondido, se ha involucrado en mi proyecto\u201d"}]},{"@type":"WebSite","@id":"https:\/\/blogs.florida.es\/floridauniversitariablog\/#website","url":"https:\/\/blogs.florida.es\/floridauniversitariablog\/","name":"Experiencia Florida: Blog","description":"Experiencia Florida: Nuestro Blog","potentialAction":[{"@type":"SearchAction","target":{"@type":"EntryPoint","urlTemplate":"https:\/\/blogs.florida.es\/floridauniversitariablog\/?s={search_term_string}"},"query-input":"required name=search_term_string"}],"inLanguage":"es"},{"@type":"Person","@id":"https:\/\/blogs.florida.es\/floridauniversitariablog\/#\/schema\/person\/b4f91174855694efbc637a78b3e74659","name":"mtmoreno@florida.local","image":{"@type":"ImageObject","inLanguage":"es","@id":"https:\/\/blogs.florida.es\/floridauniversitariablog\/#\/schema\/person\/image\/","url":"https:\/\/secure.gravatar.com\/avatar\/a292bf8f12a0bebd3ea5e24da579596fc0c0ed61528558850239ad4607f07411?s=96&d=mm&r=g","contentUrl":"https:\/\/secure.gravatar.com\/avatar\/a292bf8f12a0bebd3ea5e24da579596fc0c0ed61528558850239ad4607f07411?s=96&d=mm&r=g","caption":"mtmoreno@florida.local"},"url":"https:\/\/blogs.florida.es\/floridauniversitariablog\/author\/mtmoreno\/"}]}},"jetpack_publicize_connections":[],"jetpack_featured_media_url":"","jetpack_sharing_enabled":true,"jetpack_shortlink":"https:\/\/wp.me\/pau61W-1tA","post_mailing_queue_ids":[],"_links":{"self":[{"href":"https:\/\/blogs.florida.es\/floridauniversitariablog\/wp-json\/wp\/v2\/posts\/5678","targetHints":{"allow":["GET"]}}],"collection":[{"href":"https:\/\/blogs.florida.es\/floridauniversitariablog\/wp-json\/wp\/v2\/posts"}],"about":[{"href":"https:\/\/blogs.florida.es\/floridauniversitariablog\/wp-json\/wp\/v2\/types\/post"}],"author":[{"embeddable":true,"href":"https:\/\/blogs.florida.es\/floridauniversitariablog\/wp-json\/wp\/v2\/users\/14"}],"replies":[{"embeddable":true,"href":"https:\/\/blogs.florida.es\/floridauniversitariablog\/wp-json\/wp\/v2\/comments?post=5678"}],"version-history":[{"count":0,"href":"https:\/\/blogs.florida.es\/floridauniversitariablog\/wp-json\/wp\/v2\/posts\/5678\/revisions"}],"wp:attachment":[{"href":"https:\/\/blogs.florida.es\/floridauniversitariablog\/wp-json\/wp\/v2\/media?parent=5678"}],"wp:term":[{"taxonomy":"category","embeddable":true,"href":"https:\/\/blogs.florida.es\/floridauniversitariablog\/wp-json\/wp\/v2\/categories?post=5678"},{"taxonomy":"post_tag","embeddable":true,"href":"https:\/\/blogs.florida.es\/floridauniversitariablog\/wp-json\/wp\/v2\/tags?post=5678"}],"curies":[{"name":"wp","href":"https:\/\/api.w.org\/{rel}","templated":true}]}}