{"id":5799,"date":"2013-05-16T19:43:43","date_gmt":"2013-05-16T18:43:43","guid":{"rendered":"http:\/\/floridauniversitariaeducacion.wordpress.com\/?p=639"},"modified":"2013-05-16T19:43:43","modified_gmt":"2013-05-16T18:43:43","slug":"intercanvi-lleida-segona-part","status":"publish","type":"post","link":"https:\/\/blogs.florida.es\/floridauniversitariablog\/2013\/05\/intercanvi-lleida-segona-part\/","title":{"rendered":"INTERCANVI LLEIDA (segona part)"},"content":{"rendered":"<p><!--[if gte mso 9]&gt;--><br \/>\n<!--[if gte mso 9]&gt;--><\/p>\n<p class=\"MsoNormal\" style=\"margin-bottom:12pt;text-align:justify;line-height:150%\">Tot all\u00f2 que comen\u00e7a, m\u00e9s tard o m\u00e9s aviat, ha d\u2019acabar. El passat dimecres 8 i dijous 9 de maig, ens v\u00e0rem retrobar i acomiadar definitivament dels nostres companys i companyes de Lleida. Aquest cop potser hi van gaudir m\u00e9s ells i elles que nosaltres, al cap i a la fi, aquesta era la nostra intenci\u00f3.<\/p>\n<p class=\"MsoNormal\" style=\"margin-bottom:12pt;text-align:justify;line-height:150%\">La primera parada que hi visit\u00e0rem va ser l\u2019<a href=\"http:\/\/www.ivam.es\/\">IVAM<\/a>, on l\u2019art contempor\u00e0nia sigu\u00e9 la protagonista i va cridar la nostra anima amb els missatges inquietants i plens de significat de <a href=\"http:\/\/ca.wikipedia.org\/wiki\/Juli_Gonz%C3%A1lez_i_Pellicer\">Julio Gonz\u00e1lez<\/a> amb les seues obres m\u00e9s famoses: <i>La mujer ante el espejo<\/i> i <i>La Montserrat.<\/i><\/p>\n<p class=\"MsoNormal\" style=\"margin-bottom:12pt;text-align:justify;line-height:150%\">Va ser un dia molt intens on viatj\u00e0rem a trav\u00e9s del temps pels llocs m\u00e9s emblem\u00e0tics i el racons m\u00e9s inesperats, on la hist\u00f2ria roman viva a la ciutat de Val\u00e8ncia. Sorprenentment, encara que estigu\u00e9rem a la nostra ciutat, cada vegada ens trob\u00e0vem amb quelcom nou que ens fascinava. Encara que era evident l\u2019exist\u00e8ncia de refugis republicans de la guerra civil, mai ens ho hav\u00edem plantejat. Aquesta experi\u00e8ncia ens va fer obrir els ulls i fixar-nos m\u00e9s en el nostre entorn per arribar m\u00e9s enll\u00e0 d\u2019all\u00f2 que tots i totes recordem, la historia dels ven\u00e7uts, la historia dels oblidats.<\/p>\n<p class=\"MsoNormal\" style=\"margin-bottom:12pt;text-align:justify;line-height:150%\">Despr\u00e9s de rec\u00f3rrer Val\u00e8ncia, en caure la nit, arrib\u00e0 el torn de l\u2019alumnat com a guia. Un temps que aprofit\u00e0rem per retrobar sentiments i culminar una uni\u00f3 m\u00e9s intensa amb un sopar dif\u00edcil d\u2019oblidar.<\/p>\n<p class=\"MsoNormal\" style=\"margin-bottom:12pt;text-align:justify;line-height:150%\">Al dia seg\u00fcent; alumnes de Florida exposaren el nostre Projecte Integrat i la seua experi\u00e8ncia al projecte de 1er (<i>L\u2019escola que sommien<\/i>, Silvia Herv\u00e1s), el projecte de 2n (<i>Atenci\u00f3 a la diversitat: recursos educatius<\/i>, Neus Cases i Irene Solsona) i el projecte de 3er (<i>Resolguem un problema real<\/i>, N\u00faria Soria i Laura Romeu). Aquestes pon\u00e8ncies sigueren molt interessants perqu\u00e8 l\u2019alumnat lleidat\u00e0 mostr\u00e0 molt inter\u00e8s i curiositat per la passi\u00f3 amb la qual el nostre alumnat va defensar un projecte molt relacionat amb algunes metodologies que hi havien emprat. Aquest debat sigu\u00e9 molt significatiu i va reflectir el motiu d\u2019aquestes jornades, la comunicaci\u00f3 i l\u2019intercanvi d\u2019experi\u00e8ncies entre dos centres compromesos.<\/p>\n<p class=\"MsoNormal\" style=\"margin-bottom:12pt;text-align:justify;line-height:150%\">Finalment, per concloure la visita, es v\u00e0rem deixar endur per les aig\u00fces i el paisatge d\u2019una <a href=\"http:\/\/www.cma.gva.es\/web\/indice.aspx?nodo=2976&amp;idioma=V\">Albufera <\/a>plena de vida i lluentor. Potser no ens tornem a vore, potser la dist\u00e0ncia ens separe, per\u00f2 el record sempre ens acompanyar\u00e0 al nostre pensament.<\/p>\n<p class=\"MsoNormal\" style=\"margin-bottom:12pt;text-align:center;line-height:150%\"><a href=\"http:\/\/floridauniversitariaeducacion.files.wordpress.com\/2013\/05\/mujer-espejo1.jpg\"><img loading=\"lazy\" decoding=\"async\" class=\" wp-image aligncenter\" id=\"i-649\" alt=\"Imatge\" src=\"http:\/\/floridauniversitariaeducacion.files.wordpress.com\/2013\/05\/mujer-espejo1.jpg?w=635\" width=\"508\" height=\"357\" \/><\/a><\/p>\n","protected":false},"excerpt":{"rendered":"<p>Tot all\u00f2 que comen\u00e7a, m\u00e9s tard o m\u00e9s aviat, ha d\u2019acabar. El passat dimecres 8 i dijous 9 de maig, ens v\u00e0rem retrobar i acomiadar definitivament dels nostres companys i companyes de Lleida. Aquest cop potser hi van gaudir m\u00e9s ells i elles que nosaltres, al cap i a la fi, aquesta era la nostra [&hellip;]<\/p>\n","protected":false},"author":14,"featured_media":0,"comment_status":"open","ping_status":"open","sticky":false,"template":"","format":"standard","meta":{"jetpack_post_was_ever_published":false,"_jetpack_newsletter_access":"","_jetpack_dont_email_post_to_subs":false,"_jetpack_newsletter_tier_id":0,"_jetpack_memberships_contains_paywalled_content":false,"_jetpack_memberships_contains_paid_content":false,"footnotes":"","jetpack_publicize_message":"","jetpack_publicize_feature_enabled":true,"jetpack_social_post_already_shared":true,"jetpack_social_options":{"image_generator_settings":{"template":"highway","default_image_id":0,"font":"","enabled":false},"version":2}},"categories":[4],"tags":[259,314,312,294],"class_list":["post-5799","post","type-post","status-publish","format-standard","hentry","category-educacion","tag-ensenyament-cooperatiu","tag-intercanvi","tag-intercanvi-educatiu","tag-testimonis"],"yoast_head":"<!-- This site is optimized with the Yoast SEO plugin v21.6 - https:\/\/yoast.com\/wordpress\/plugins\/seo\/ -->\n<title>INTERCANVI LLEIDA (segona part) - Experiencia Florida: Blog<\/title>\n<meta name=\"robots\" content=\"index, follow, max-snippet:-1, max-image-preview:large, max-video-preview:-1\" \/>\n<link rel=\"canonical\" href=\"http:\/\/blogs.florida.es\/floridauniversitariablog\/2013\/05\/intercanvi-lleida-segona-part\/\" \/>\n<meta property=\"og:locale\" content=\"es_ES\" \/>\n<meta property=\"og:type\" content=\"article\" \/>\n<meta property=\"og:title\" content=\"INTERCANVI LLEIDA (segona part) - Experiencia Florida: Blog\" \/>\n<meta property=\"og:description\" content=\"Tot all\u00f2 que comen\u00e7a, m\u00e9s tard o m\u00e9s aviat, ha d\u2019acabar. El passat dimecres 8 i dijous 9 de maig, ens v\u00e0rem retrobar i acomiadar definitivament dels nostres companys i companyes de Lleida. Aquest cop potser hi van gaudir m\u00e9s ells i elles que nosaltres, al cap i a la fi, aquesta era la nostra [&hellip;]\" \/>\n<meta property=\"og:url\" content=\"http:\/\/blogs.florida.es\/floridauniversitariablog\/2013\/05\/intercanvi-lleida-segona-part\/\" \/>\n<meta property=\"og:site_name\" content=\"Experiencia Florida: Blog\" \/>\n<meta property=\"article:published_time\" content=\"2013-05-16T18:43:43+00:00\" \/>\n<meta property=\"og:image\" content=\"http:\/\/floridauniversitariaeducacion.files.wordpress.com\/2013\/05\/mujer-espejo1.jpg?w=635\" \/>\n<meta name=\"author\" content=\"mtmoreno@florida.local\" \/>\n<meta name=\"twitter:card\" content=\"summary_large_image\" \/>\n<meta name=\"twitter:label1\" content=\"Escrito por\" \/>\n\t<meta name=\"twitter:data1\" content=\"mtmoreno@florida.local\" \/>\n\t<meta name=\"twitter:label2\" content=\"Tiempo de lectura\" \/>\n\t<meta name=\"twitter:data2\" content=\"2 minutos\" \/>\n<script type=\"application\/ld+json\" class=\"yoast-schema-graph\">{\"@context\":\"https:\/\/schema.org\",\"@graph\":[{\"@type\":\"WebPage\",\"@id\":\"http:\/\/blogs.florida.es\/floridauniversitariablog\/2013\/05\/intercanvi-lleida-segona-part\/\",\"url\":\"http:\/\/blogs.florida.es\/floridauniversitariablog\/2013\/05\/intercanvi-lleida-segona-part\/\",\"name\":\"INTERCANVI LLEIDA (segona part) - Experiencia Florida: Blog\",\"isPartOf\":{\"@id\":\"https:\/\/blogs.florida.es\/floridauniversitariablog\/#website\"},\"datePublished\":\"2013-05-16T18:43:43+00:00\",\"dateModified\":\"2013-05-16T18:43:43+00:00\",\"author\":{\"@id\":\"https:\/\/blogs.florida.es\/floridauniversitariablog\/#\/schema\/person\/b4f91174855694efbc637a78b3e74659\"},\"breadcrumb\":{\"@id\":\"http:\/\/blogs.florida.es\/floridauniversitariablog\/2013\/05\/intercanvi-lleida-segona-part\/#breadcrumb\"},\"inLanguage\":\"es\",\"potentialAction\":[{\"@type\":\"ReadAction\",\"target\":[\"http:\/\/blogs.florida.es\/floridauniversitariablog\/2013\/05\/intercanvi-lleida-segona-part\/\"]}]},{\"@type\":\"BreadcrumbList\",\"@id\":\"http:\/\/blogs.florida.es\/floridauniversitariablog\/2013\/05\/intercanvi-lleida-segona-part\/#breadcrumb\",\"itemListElement\":[{\"@type\":\"ListItem\",\"position\":1,\"name\":\"Portada\",\"item\":\"https:\/\/blogs.florida.es\/floridauniversitariablog\/\"},{\"@type\":\"ListItem\",\"position\":2,\"name\":\"INTERCANVI LLEIDA (segona part)\"}]},{\"@type\":\"WebSite\",\"@id\":\"https:\/\/blogs.florida.es\/floridauniversitariablog\/#website\",\"url\":\"https:\/\/blogs.florida.es\/floridauniversitariablog\/\",\"name\":\"Experiencia Florida: Blog\",\"description\":\"Experiencia Florida: Nuestro Blog\",\"potentialAction\":[{\"@type\":\"SearchAction\",\"target\":{\"@type\":\"EntryPoint\",\"urlTemplate\":\"https:\/\/blogs.florida.es\/floridauniversitariablog\/?s={search_term_string}\"},\"query-input\":\"required name=search_term_string\"}],\"inLanguage\":\"es\"},{\"@type\":\"Person\",\"@id\":\"https:\/\/blogs.florida.es\/floridauniversitariablog\/#\/schema\/person\/b4f91174855694efbc637a78b3e74659\",\"name\":\"mtmoreno@florida.local\",\"image\":{\"@type\":\"ImageObject\",\"inLanguage\":\"es\",\"@id\":\"https:\/\/blogs.florida.es\/floridauniversitariablog\/#\/schema\/person\/image\/\",\"url\":\"https:\/\/secure.gravatar.com\/avatar\/a292bf8f12a0bebd3ea5e24da579596fc0c0ed61528558850239ad4607f07411?s=96&d=mm&r=g\",\"contentUrl\":\"https:\/\/secure.gravatar.com\/avatar\/a292bf8f12a0bebd3ea5e24da579596fc0c0ed61528558850239ad4607f07411?s=96&d=mm&r=g\",\"caption\":\"mtmoreno@florida.local\"},\"url\":\"https:\/\/blogs.florida.es\/floridauniversitariablog\/author\/mtmoreno\/\"}]}<\/script>\n<!-- \/ Yoast SEO plugin. -->","yoast_head_json":{"title":"INTERCANVI LLEIDA (segona part) - Experiencia Florida: Blog","robots":{"index":"index","follow":"follow","max-snippet":"max-snippet:-1","max-image-preview":"max-image-preview:large","max-video-preview":"max-video-preview:-1"},"canonical":"http:\/\/blogs.florida.es\/floridauniversitariablog\/2013\/05\/intercanvi-lleida-segona-part\/","og_locale":"es_ES","og_type":"article","og_title":"INTERCANVI LLEIDA (segona part) - Experiencia Florida: Blog","og_description":"Tot all\u00f2 que comen\u00e7a, m\u00e9s tard o m\u00e9s aviat, ha d\u2019acabar. El passat dimecres 8 i dijous 9 de maig, ens v\u00e0rem retrobar i acomiadar definitivament dels nostres companys i companyes de Lleida. Aquest cop potser hi van gaudir m\u00e9s ells i elles que nosaltres, al cap i a la fi, aquesta era la nostra [&hellip;]","og_url":"http:\/\/blogs.florida.es\/floridauniversitariablog\/2013\/05\/intercanvi-lleida-segona-part\/","og_site_name":"Experiencia Florida: Blog","article_published_time":"2013-05-16T18:43:43+00:00","og_image":[{"url":"http:\/\/floridauniversitariaeducacion.files.wordpress.com\/2013\/05\/mujer-espejo1.jpg?w=635"}],"author":"mtmoreno@florida.local","twitter_card":"summary_large_image","twitter_misc":{"Escrito por":"mtmoreno@florida.local","Tiempo de lectura":"2 minutos"},"schema":{"@context":"https:\/\/schema.org","@graph":[{"@type":"WebPage","@id":"http:\/\/blogs.florida.es\/floridauniversitariablog\/2013\/05\/intercanvi-lleida-segona-part\/","url":"http:\/\/blogs.florida.es\/floridauniversitariablog\/2013\/05\/intercanvi-lleida-segona-part\/","name":"INTERCANVI LLEIDA (segona part) - Experiencia Florida: Blog","isPartOf":{"@id":"https:\/\/blogs.florida.es\/floridauniversitariablog\/#website"},"datePublished":"2013-05-16T18:43:43+00:00","dateModified":"2013-05-16T18:43:43+00:00","author":{"@id":"https:\/\/blogs.florida.es\/floridauniversitariablog\/#\/schema\/person\/b4f91174855694efbc637a78b3e74659"},"breadcrumb":{"@id":"http:\/\/blogs.florida.es\/floridauniversitariablog\/2013\/05\/intercanvi-lleida-segona-part\/#breadcrumb"},"inLanguage":"es","potentialAction":[{"@type":"ReadAction","target":["http:\/\/blogs.florida.es\/floridauniversitariablog\/2013\/05\/intercanvi-lleida-segona-part\/"]}]},{"@type":"BreadcrumbList","@id":"http:\/\/blogs.florida.es\/floridauniversitariablog\/2013\/05\/intercanvi-lleida-segona-part\/#breadcrumb","itemListElement":[{"@type":"ListItem","position":1,"name":"Portada","item":"https:\/\/blogs.florida.es\/floridauniversitariablog\/"},{"@type":"ListItem","position":2,"name":"INTERCANVI LLEIDA (segona part)"}]},{"@type":"WebSite","@id":"https:\/\/blogs.florida.es\/floridauniversitariablog\/#website","url":"https:\/\/blogs.florida.es\/floridauniversitariablog\/","name":"Experiencia Florida: Blog","description":"Experiencia Florida: Nuestro Blog","potentialAction":[{"@type":"SearchAction","target":{"@type":"EntryPoint","urlTemplate":"https:\/\/blogs.florida.es\/floridauniversitariablog\/?s={search_term_string}"},"query-input":"required name=search_term_string"}],"inLanguage":"es"},{"@type":"Person","@id":"https:\/\/blogs.florida.es\/floridauniversitariablog\/#\/schema\/person\/b4f91174855694efbc637a78b3e74659","name":"mtmoreno@florida.local","image":{"@type":"ImageObject","inLanguage":"es","@id":"https:\/\/blogs.florida.es\/floridauniversitariablog\/#\/schema\/person\/image\/","url":"https:\/\/secure.gravatar.com\/avatar\/a292bf8f12a0bebd3ea5e24da579596fc0c0ed61528558850239ad4607f07411?s=96&d=mm&r=g","contentUrl":"https:\/\/secure.gravatar.com\/avatar\/a292bf8f12a0bebd3ea5e24da579596fc0c0ed61528558850239ad4607f07411?s=96&d=mm&r=g","caption":"mtmoreno@florida.local"},"url":"https:\/\/blogs.florida.es\/floridauniversitariablog\/author\/mtmoreno\/"}]}},"jetpack_publicize_connections":[],"jetpack_featured_media_url":"","jetpack_sharing_enabled":true,"jetpack_shortlink":"https:\/\/wp.me\/pau61W-1vx","post_mailing_queue_ids":[],"_links":{"self":[{"href":"https:\/\/blogs.florida.es\/floridauniversitariablog\/wp-json\/wp\/v2\/posts\/5799","targetHints":{"allow":["GET"]}}],"collection":[{"href":"https:\/\/blogs.florida.es\/floridauniversitariablog\/wp-json\/wp\/v2\/posts"}],"about":[{"href":"https:\/\/blogs.florida.es\/floridauniversitariablog\/wp-json\/wp\/v2\/types\/post"}],"author":[{"embeddable":true,"href":"https:\/\/blogs.florida.es\/floridauniversitariablog\/wp-json\/wp\/v2\/users\/14"}],"replies":[{"embeddable":true,"href":"https:\/\/blogs.florida.es\/floridauniversitariablog\/wp-json\/wp\/v2\/comments?post=5799"}],"version-history":[{"count":0,"href":"https:\/\/blogs.florida.es\/floridauniversitariablog\/wp-json\/wp\/v2\/posts\/5799\/revisions"}],"wp:attachment":[{"href":"https:\/\/blogs.florida.es\/floridauniversitariablog\/wp-json\/wp\/v2\/media?parent=5799"}],"wp:term":[{"taxonomy":"category","embeddable":true,"href":"https:\/\/blogs.florida.es\/floridauniversitariablog\/wp-json\/wp\/v2\/categories?post=5799"},{"taxonomy":"post_tag","embeddable":true,"href":"https:\/\/blogs.florida.es\/floridauniversitariablog\/wp-json\/wp\/v2\/tags?post=5799"}],"curies":[{"name":"wp","href":"https:\/\/api.w.org\/{rel}","templated":true}]}}