{"id":5890,"date":"2014-12-20T09:40:29","date_gmt":"2014-12-20T08:40:29","guid":{"rendered":"https:\/\/floridauniversitariaeducacion.wordpress.com\/?p=1591"},"modified":"2014-12-20T09:40:29","modified_gmt":"2014-12-20T08:40:29","slug":"vista-al-aula-del-cel-de-la-universitat-de-valencia-3o-a-de-educacion-primaria","status":"publish","type":"post","link":"https:\/\/blogs.florida.es\/floridauniversitariablog\/2014\/12\/vista-al-aula-del-cel-de-la-universitat-de-valencia-3o-a-de-educacion-primaria\/","title":{"rendered":"Vista al Aula del Cel de la Universitat de Val\u00e8ncia. 3\u00ba A de Educaci\u00f3n Primaria"},"content":{"rendered":"<p><strong>Redactado a partir del diario de clase del alumnado asistente a la visita por Mavi Corell<\/strong><br \/>\n\u201cEl pasado 28 de noviembre visitamos el Aula del Cel, un proyecto educativo del Observatorio Astron\u00f3mico de la Universitat de Val\u00e8ncia para la ense\u00f1anza de la astronom\u00eda a ni\u00f1os y ni\u00f1as. Es un espacio que estimula el inter\u00e9s y la curiosidad del alumnado por este \u00e1mbito de las ciencias\u201d. Pepe.<br \/>\n\u201cTeniendo en cuenta el nombre de la asignatura Did\u00e1ctica de las ciencias: materia, energ\u00eda y m\u00e1quinas, pienso que visitar el Aula del Cel nos ha dado la oportunidad de conocer recursos para acercar ala astronom\u00eda a nuestro futuro alumnado\u201d. Laura<br \/>\n\u201cLa visita me sirvi\u00f3 para aprender y progresar en el conocimiento del universo\u201d. Paula<br \/>\n\u201cMe gust\u00f3\u00a0 mucho c\u00f3mo explicaban la distancia entre los planetas mediante materiales colocados en el techo de un pasadizo\u201d. Mar\u00eda<br \/>\n\u201cHe descubierto que las estrellas tienen colores diferentes, desde el rojo al azul, dependiendo de la temperatura de su superficie, siendo las azules las m\u00e1s calientes y las rojas las m\u00e1s fr\u00edas\u201d. Sara<br \/>\n\u201cObservamos de manera f\u00edsica la distancia real de los planeta y conocimos al sat\u00e9lite Rosetta del cual no ten\u00eda informaci\u00f3n\u201d. Alba<br \/>\n\u201cLa visita al Aula del Cel me ha aportado diferentes ejercicios para realizar un aprendizaje significativo con mis alumnos\u201d. Mar\u00eda<br \/>\n\u201cCada ciertos a\u00f1os los hor\u00f3scopos van cambiando y la mayor\u00eda de los que asistimos a la excursi\u00f3n est\u00e1bamos \u201cenga\u00f1ados\u201d con nuestro supuesto signo del zodiaco en la actualidad\u201d. Clara<br \/>\n\u201cObservamos que el Sol es much\u00edsimo m\u00e1s grande que cualquier planeta pero hay otras estrellas que superan el Sol con diferencia\u201d. Natalia<br \/>\n\u201cMe sorprendi\u00f3 como se pueden construir una gran variedad de instrumentos relacionados con la ciencia con objetos cotidianos\u201d. Alejandro<br \/>\n\u201cMe gustaron mucho los experimentos en el aula ya que eran muy originales y hechos con materiales sencillos\u201d. Andrea<br \/>\n\u201cEs totalmente necesario acercar a la escuela a aprendizajes que est\u00e9n en nuestro contexto real y sean pr\u00e1cticos y funcionales para que los ni\u00f1os y ni\u00f1as puedan descubrir, comprender y comprometerse con lo que sucede y en la soluci\u00f3n de problemas\u201d. Andrea<br \/>\n\u201cAhora conocemos otro lugar que ofrece actividades did\u00e1ctica para Primaria que puede ser una alternativa a las t\u00edpicas salidas que se hacen en las escuelas. Espero que la pr\u00f3xima vez que vayamos al Aula del Cel sea con nuestros alumnos en un futuro cercano\u201d.\u00a0 Violeta<br \/>\n\u201cSalir del centro contribuy\u00f3 a que estuviera m\u00e1s motivada y receptiva a nuevos conocimientos\u201d. Aurora<br \/>\n\u201cLo que m\u00e1s me gust\u00f3 es que se nos entregaron materiales para realizar el d\u00eda de ma\u00f1ana actividades en el aula\u201d. Roberto.<br \/>\n\u201cPosicion\u00e1ndome el rol de ni\u00f1o que aprende, la salida fue muy interesante y provechosa ya que puede atraer la atenci\u00f3n del alumnado hacia una materia que podr\u00eda resultarle complicada\u201d. Javi<a href=\"https:\/\/floridauniversitariaeducacion.files.wordpress.com\/2015\/01\/aulas-cel.jpg\"><img loading=\"lazy\" decoding=\"async\" class=\"alignnone size-full wp-image-1592\" src=\"https:\/\/floridauniversitariaeducacion.files.wordpress.com\/2015\/01\/aulas-cel.jpg\" alt=\"Aulas cel\" width=\"593\" height=\"445\" \/><\/a><\/p>\n","protected":false},"excerpt":{"rendered":"<p>Redactado a partir del diario de clase del alumnado asistente a la visita por Mavi Corell \u201cEl pasado 28 de noviembre visitamos el Aula del Cel, un proyecto educativo del Observatorio Astron\u00f3mico de la Universitat de Val\u00e8ncia para la ense\u00f1anza de la astronom\u00eda a ni\u00f1os y ni\u00f1as. Es un espacio que estimula el inter\u00e9s y [&hellip;]<\/p>\n","protected":false},"author":28,"featured_media":0,"comment_status":"open","ping_status":"open","sticky":false,"template":"","format":"standard","meta":{"jetpack_post_was_ever_published":false,"_jetpack_newsletter_access":"","_jetpack_dont_email_post_to_subs":false,"_jetpack_newsletter_tier_id":0,"_jetpack_memberships_contains_paywalled_content":false,"_jetpack_memberships_contains_paid_content":false,"footnotes":"","jetpack_publicize_message":"","jetpack_publicize_feature_enabled":true,"jetpack_social_post_already_shared":true,"jetpack_social_options":{"image_generator_settings":{"template":"highway","default_image_id":0,"font":"","enabled":false},"version":2}},"categories":[4],"tags":[],"class_list":["post-5890","post","type-post","status-publish","format-standard","hentry","category-educacion"],"yoast_head":"<!-- This site is optimized with the Yoast SEO plugin v21.6 - https:\/\/yoast.com\/wordpress\/plugins\/seo\/ -->\n<title>Vista al Aula del Cel de la Universitat de Val\u00e8ncia. 3\u00ba A de Educaci\u00f3n Primaria - Experiencia Florida: Blog<\/title>\n<meta name=\"robots\" content=\"index, follow, max-snippet:-1, max-image-preview:large, max-video-preview:-1\" \/>\n<link rel=\"canonical\" href=\"https:\/\/blogs.florida.es\/floridauniversitariablog\/2014\/12\/vista-al-aula-del-cel-de-la-universitat-de-valencia-3o-a-de-educacion-primaria\/\" \/>\n<meta property=\"og:locale\" content=\"es_ES\" \/>\n<meta property=\"og:type\" content=\"article\" \/>\n<meta property=\"og:title\" content=\"Vista al Aula del Cel de la Universitat de Val\u00e8ncia. 3\u00ba A de Educaci\u00f3n Primaria - Experiencia Florida: Blog\" \/>\n<meta property=\"og:description\" content=\"Redactado a partir del diario de clase del alumnado asistente a la visita por Mavi Corell \u201cEl pasado 28 de noviembre visitamos el Aula del Cel, un proyecto educativo del Observatorio Astron\u00f3mico de la Universitat de Val\u00e8ncia para la ense\u00f1anza de la astronom\u00eda a ni\u00f1os y ni\u00f1as. Es un espacio que estimula el inter\u00e9s y [&hellip;]\" \/>\n<meta property=\"og:url\" content=\"https:\/\/blogs.florida.es\/floridauniversitariablog\/2014\/12\/vista-al-aula-del-cel-de-la-universitat-de-valencia-3o-a-de-educacion-primaria\/\" \/>\n<meta property=\"og:site_name\" content=\"Experiencia Florida: Blog\" \/>\n<meta property=\"article:published_time\" content=\"2014-12-20T08:40:29+00:00\" \/>\n<meta property=\"og:image\" content=\"https:\/\/floridauniversitariaeducacion.files.wordpress.com\/2015\/01\/aulas-cel.jpg\" \/>\n<meta name=\"author\" content=\"pfernandez@florida.local\" \/>\n<meta name=\"twitter:card\" content=\"summary_large_image\" \/>\n<meta name=\"twitter:label1\" content=\"Escrito por\" \/>\n\t<meta name=\"twitter:data1\" content=\"pfernandez@florida.local\" \/>\n\t<meta name=\"twitter:label2\" content=\"Tiempo de lectura\" \/>\n\t<meta name=\"twitter:data2\" content=\"3 minutos\" \/>\n<script type=\"application\/ld+json\" class=\"yoast-schema-graph\">{\"@context\":\"https:\/\/schema.org\",\"@graph\":[{\"@type\":\"WebPage\",\"@id\":\"https:\/\/blogs.florida.es\/floridauniversitariablog\/2014\/12\/vista-al-aula-del-cel-de-la-universitat-de-valencia-3o-a-de-educacion-primaria\/\",\"url\":\"https:\/\/blogs.florida.es\/floridauniversitariablog\/2014\/12\/vista-al-aula-del-cel-de-la-universitat-de-valencia-3o-a-de-educacion-primaria\/\",\"name\":\"Vista al Aula del Cel de la Universitat de Val\u00e8ncia. 3\u00ba A de Educaci\u00f3n Primaria - Experiencia Florida: Blog\",\"isPartOf\":{\"@id\":\"https:\/\/blogs.florida.es\/floridauniversitariablog\/#website\"},\"datePublished\":\"2014-12-20T08:40:29+00:00\",\"dateModified\":\"2014-12-20T08:40:29+00:00\",\"author\":{\"@id\":\"https:\/\/blogs.florida.es\/floridauniversitariablog\/#\/schema\/person\/7c0f991091070047079319bcedaf5ed7\"},\"breadcrumb\":{\"@id\":\"https:\/\/blogs.florida.es\/floridauniversitariablog\/2014\/12\/vista-al-aula-del-cel-de-la-universitat-de-valencia-3o-a-de-educacion-primaria\/#breadcrumb\"},\"inLanguage\":\"es\",\"potentialAction\":[{\"@type\":\"ReadAction\",\"target\":[\"https:\/\/blogs.florida.es\/floridauniversitariablog\/2014\/12\/vista-al-aula-del-cel-de-la-universitat-de-valencia-3o-a-de-educacion-primaria\/\"]}]},{\"@type\":\"BreadcrumbList\",\"@id\":\"https:\/\/blogs.florida.es\/floridauniversitariablog\/2014\/12\/vista-al-aula-del-cel-de-la-universitat-de-valencia-3o-a-de-educacion-primaria\/#breadcrumb\",\"itemListElement\":[{\"@type\":\"ListItem\",\"position\":1,\"name\":\"Portada\",\"item\":\"https:\/\/blogs.florida.es\/floridauniversitariablog\/\"},{\"@type\":\"ListItem\",\"position\":2,\"name\":\"Vista al Aula del Cel de la Universitat de Val\u00e8ncia. 3\u00ba A de Educaci\u00f3n Primaria\"}]},{\"@type\":\"WebSite\",\"@id\":\"https:\/\/blogs.florida.es\/floridauniversitariablog\/#website\",\"url\":\"https:\/\/blogs.florida.es\/floridauniversitariablog\/\",\"name\":\"Experiencia Florida: Blog\",\"description\":\"Experiencia Florida: Nuestro Blog\",\"potentialAction\":[{\"@type\":\"SearchAction\",\"target\":{\"@type\":\"EntryPoint\",\"urlTemplate\":\"https:\/\/blogs.florida.es\/floridauniversitariablog\/?s={search_term_string}\"},\"query-input\":\"required name=search_term_string\"}],\"inLanguage\":\"es\"},{\"@type\":\"Person\",\"@id\":\"https:\/\/blogs.florida.es\/floridauniversitariablog\/#\/schema\/person\/7c0f991091070047079319bcedaf5ed7\",\"name\":\"pfernandez@florida.local\",\"image\":{\"@type\":\"ImageObject\",\"inLanguage\":\"es\",\"@id\":\"https:\/\/blogs.florida.es\/floridauniversitariablog\/#\/schema\/person\/image\/\",\"url\":\"https:\/\/secure.gravatar.com\/avatar\/45cf6d3768f62d420e8082c77e26eefd2756b454fde12266d57ce71de6c0b0b1?s=96&d=mm&r=g\",\"contentUrl\":\"https:\/\/secure.gravatar.com\/avatar\/45cf6d3768f62d420e8082c77e26eefd2756b454fde12266d57ce71de6c0b0b1?s=96&d=mm&r=g\",\"caption\":\"pfernandez@florida.local\"},\"url\":\"https:\/\/blogs.florida.es\/floridauniversitariablog\/author\/pfernandez\/\"}]}<\/script>\n<!-- \/ Yoast SEO plugin. -->","yoast_head_json":{"title":"Vista al Aula del Cel de la Universitat de Val\u00e8ncia. 3\u00ba A de Educaci\u00f3n Primaria - Experiencia Florida: Blog","robots":{"index":"index","follow":"follow","max-snippet":"max-snippet:-1","max-image-preview":"max-image-preview:large","max-video-preview":"max-video-preview:-1"},"canonical":"https:\/\/blogs.florida.es\/floridauniversitariablog\/2014\/12\/vista-al-aula-del-cel-de-la-universitat-de-valencia-3o-a-de-educacion-primaria\/","og_locale":"es_ES","og_type":"article","og_title":"Vista al Aula del Cel de la Universitat de Val\u00e8ncia. 3\u00ba A de Educaci\u00f3n Primaria - Experiencia Florida: Blog","og_description":"Redactado a partir del diario de clase del alumnado asistente a la visita por Mavi Corell \u201cEl pasado 28 de noviembre visitamos el Aula del Cel, un proyecto educativo del Observatorio Astron\u00f3mico de la Universitat de Val\u00e8ncia para la ense\u00f1anza de la astronom\u00eda a ni\u00f1os y ni\u00f1as. Es un espacio que estimula el inter\u00e9s y [&hellip;]","og_url":"https:\/\/blogs.florida.es\/floridauniversitariablog\/2014\/12\/vista-al-aula-del-cel-de-la-universitat-de-valencia-3o-a-de-educacion-primaria\/","og_site_name":"Experiencia Florida: Blog","article_published_time":"2014-12-20T08:40:29+00:00","og_image":[{"url":"https:\/\/floridauniversitariaeducacion.files.wordpress.com\/2015\/01\/aulas-cel.jpg"}],"author":"pfernandez@florida.local","twitter_card":"summary_large_image","twitter_misc":{"Escrito por":"pfernandez@florida.local","Tiempo de lectura":"3 minutos"},"schema":{"@context":"https:\/\/schema.org","@graph":[{"@type":"WebPage","@id":"https:\/\/blogs.florida.es\/floridauniversitariablog\/2014\/12\/vista-al-aula-del-cel-de-la-universitat-de-valencia-3o-a-de-educacion-primaria\/","url":"https:\/\/blogs.florida.es\/floridauniversitariablog\/2014\/12\/vista-al-aula-del-cel-de-la-universitat-de-valencia-3o-a-de-educacion-primaria\/","name":"Vista al Aula del Cel de la Universitat de Val\u00e8ncia. 3\u00ba A de Educaci\u00f3n Primaria - Experiencia Florida: Blog","isPartOf":{"@id":"https:\/\/blogs.florida.es\/floridauniversitariablog\/#website"},"datePublished":"2014-12-20T08:40:29+00:00","dateModified":"2014-12-20T08:40:29+00:00","author":{"@id":"https:\/\/blogs.florida.es\/floridauniversitariablog\/#\/schema\/person\/7c0f991091070047079319bcedaf5ed7"},"breadcrumb":{"@id":"https:\/\/blogs.florida.es\/floridauniversitariablog\/2014\/12\/vista-al-aula-del-cel-de-la-universitat-de-valencia-3o-a-de-educacion-primaria\/#breadcrumb"},"inLanguage":"es","potentialAction":[{"@type":"ReadAction","target":["https:\/\/blogs.florida.es\/floridauniversitariablog\/2014\/12\/vista-al-aula-del-cel-de-la-universitat-de-valencia-3o-a-de-educacion-primaria\/"]}]},{"@type":"BreadcrumbList","@id":"https:\/\/blogs.florida.es\/floridauniversitariablog\/2014\/12\/vista-al-aula-del-cel-de-la-universitat-de-valencia-3o-a-de-educacion-primaria\/#breadcrumb","itemListElement":[{"@type":"ListItem","position":1,"name":"Portada","item":"https:\/\/blogs.florida.es\/floridauniversitariablog\/"},{"@type":"ListItem","position":2,"name":"Vista al Aula del Cel de la Universitat de Val\u00e8ncia. 3\u00ba A de Educaci\u00f3n Primaria"}]},{"@type":"WebSite","@id":"https:\/\/blogs.florida.es\/floridauniversitariablog\/#website","url":"https:\/\/blogs.florida.es\/floridauniversitariablog\/","name":"Experiencia Florida: Blog","description":"Experiencia Florida: Nuestro Blog","potentialAction":[{"@type":"SearchAction","target":{"@type":"EntryPoint","urlTemplate":"https:\/\/blogs.florida.es\/floridauniversitariablog\/?s={search_term_string}"},"query-input":"required name=search_term_string"}],"inLanguage":"es"},{"@type":"Person","@id":"https:\/\/blogs.florida.es\/floridauniversitariablog\/#\/schema\/person\/7c0f991091070047079319bcedaf5ed7","name":"pfernandez@florida.local","image":{"@type":"ImageObject","inLanguage":"es","@id":"https:\/\/blogs.florida.es\/floridauniversitariablog\/#\/schema\/person\/image\/","url":"https:\/\/secure.gravatar.com\/avatar\/45cf6d3768f62d420e8082c77e26eefd2756b454fde12266d57ce71de6c0b0b1?s=96&d=mm&r=g","contentUrl":"https:\/\/secure.gravatar.com\/avatar\/45cf6d3768f62d420e8082c77e26eefd2756b454fde12266d57ce71de6c0b0b1?s=96&d=mm&r=g","caption":"pfernandez@florida.local"},"url":"https:\/\/blogs.florida.es\/floridauniversitariablog\/author\/pfernandez\/"}]}},"jetpack_publicize_connections":[],"jetpack_featured_media_url":"","jetpack_sharing_enabled":true,"jetpack_shortlink":"https:\/\/wp.me\/pau61W-1x0","post_mailing_queue_ids":[],"_links":{"self":[{"href":"https:\/\/blogs.florida.es\/floridauniversitariablog\/wp-json\/wp\/v2\/posts\/5890","targetHints":{"allow":["GET"]}}],"collection":[{"href":"https:\/\/blogs.florida.es\/floridauniversitariablog\/wp-json\/wp\/v2\/posts"}],"about":[{"href":"https:\/\/blogs.florida.es\/floridauniversitariablog\/wp-json\/wp\/v2\/types\/post"}],"author":[{"embeddable":true,"href":"https:\/\/blogs.florida.es\/floridauniversitariablog\/wp-json\/wp\/v2\/users\/28"}],"replies":[{"embeddable":true,"href":"https:\/\/blogs.florida.es\/floridauniversitariablog\/wp-json\/wp\/v2\/comments?post=5890"}],"version-history":[{"count":0,"href":"https:\/\/blogs.florida.es\/floridauniversitariablog\/wp-json\/wp\/v2\/posts\/5890\/revisions"}],"wp:attachment":[{"href":"https:\/\/blogs.florida.es\/floridauniversitariablog\/wp-json\/wp\/v2\/media?parent=5890"}],"wp:term":[{"taxonomy":"category","embeddable":true,"href":"https:\/\/blogs.florida.es\/floridauniversitariablog\/wp-json\/wp\/v2\/categories?post=5890"},{"taxonomy":"post_tag","embeddable":true,"href":"https:\/\/blogs.florida.es\/floridauniversitariablog\/wp-json\/wp\/v2\/tags?post=5890"}],"curies":[{"name":"wp","href":"https:\/\/api.w.org\/{rel}","templated":true}]}}