{"id":5917,"date":"2012-05-28T18:43:52","date_gmt":"2012-05-28T17:43:52","guid":{"rendered":"http:\/\/floridauniversitariaingenieria.wordpress.com\/?p=265"},"modified":"2012-05-28T18:43:52","modified_gmt":"2012-05-28T17:43:52","slug":"vicepresidenta-de-la-red-space","status":"publish","type":"post","link":"https:\/\/blogs.florida.es\/floridauniversitariablog\/2012\/05\/vicepresidenta-de-la-red-space\/","title":{"rendered":"Vicepresidenta de la red SPACE"},"content":{"rendered":"<p><a href=\"https:\/\/blogs.florida.es\/floridauniversitariaingenieria\/wp-content\/uploads\/sites\/14\/2012\/05\/mercedes-aznar.jpg\"><img loading=\"lazy\" decoding=\"async\" class=\"alignleft size-full wp-image-266\" title=\"Mercedes Aznar\" src=\"https:\/\/blogs.florida.es\/floridauniversitariaingenieria\/wp-content\/uploads\/sites\/14\/2012\/05\/mercedes-aznar.jpg\" alt=\"Mercedes Aznar\" width=\"101\" height=\"111\" \/><\/a>La profesora de la Unidad de Ingenier\u00eda de Florida Universit\u00e0ria, Mercedes Aznar Jim\u00e9nez, acaba de ser elegida vicepresidenta de la red SPACE (Asociaci\u00f3n de Instituciones Europeas en el marco de la Educaci\u00f3n Superior, http:\/\/www.space-eu.be\/), de la que Florida forma parte desde hace 7 a\u00f1os.<br \/>\nLa candidatura de Mercedes Aznar fue aprobada por unanimidad de los socios representantes de los pa\u00edses miembros.<br \/>\nSPACE consta de m\u00e1s de 70 instituciones europeas de ense\u00f1anza superior en 19 pa\u00edses, entre cuyas actividades cabe citar una serie de Diplomas Europeos como el EuroBusiness Diploma o el EuroTourism Diploma. Asimismo, esta red europea fomenta la movilidad de los estudiantes y profesionales (en pr\u00e1cticas e intercambios), el aprendizaje on-line, trabajos e investigaciones sobre las TICs en la ense\u00f1anza superior dentro de las \u00e1reas de Empresa y Turismo, y posibilita conferencias internacionales y contactos fuera de la Uni\u00f3n Europea.<br \/>\nEsta red ha permitido a Florida Universitaria llevar a cabo diferentes actividades a nivel internacional como, por ejemplo, los ex\u00e1menes para los Diplomas EuroBusiness y EuroTourism, que tan excelentes resultados han tenido y que son una prueba m\u00e1s de su buen hacer de cara al exterior; Intensive Programmes en colaboraci\u00f3n con otras instituciones de la red; movilidad docente dentro de sus instituciones; y muchas m\u00e1s.<br \/>\nAsimismo, ha hecho posible que el pr\u00f3ximo a\u00f1o Florida Universitaria celebre la tercera edici\u00f3n de la Conference on International Tourism.<\/p>\n","protected":false},"excerpt":{"rendered":"<p>La profesora de la Unidad de Ingenier\u00eda de Florida Universit\u00e0ria, Mercedes Aznar Jim\u00e9nez, acaba de ser elegida vicepresidenta de la red SPACE (Asociaci\u00f3n de Instituciones Europeas en el marco de la Educaci\u00f3n Superior, http:\/\/www.space-eu.be\/), de la que Florida forma parte desde hace 7 a\u00f1os. La candidatura de Mercedes Aznar fue aprobada por unanimidad de los [&hellip;]<\/p>\n","protected":false},"author":14,"featured_media":0,"comment_status":"open","ping_status":"open","sticky":false,"template":"","format":"standard","meta":{"jetpack_post_was_ever_published":false,"_jetpack_newsletter_access":"","_jetpack_dont_email_post_to_subs":false,"_jetpack_newsletter_tier_id":0,"_jetpack_memberships_contains_paywalled_content":false,"_jetpack_memberships_contains_paid_content":false,"footnotes":"","jetpack_publicize_message":"","jetpack_publicize_feature_enabled":true,"jetpack_social_post_already_shared":true,"jetpack_social_options":{"image_generator_settings":{"template":"highway","default_image_id":0,"font":"","enabled":false},"version":2}},"categories":[4,6,5,8],"tags":[574,575,578],"class_list":["post-5917","post","type-post","status-publish","format-standard","hentry","category-educacion","category-ingenieria","category-negocios-logistica","category-turismo","tag-educacion-2","tag-engineering-education","tag-international-tourism"],"yoast_head":"<!-- This site is optimized with the Yoast SEO plugin v21.6 - https:\/\/yoast.com\/wordpress\/plugins\/seo\/ -->\n<title>Vicepresidenta de la red SPACE - Experiencia Florida: Blog<\/title>\n<meta name=\"robots\" content=\"index, follow, max-snippet:-1, max-image-preview:large, max-video-preview:-1\" \/>\n<link rel=\"canonical\" href=\"http:\/\/blogs.florida.es\/floridauniversitariablog\/2012\/05\/vicepresidenta-de-la-red-space\/\" \/>\n<meta property=\"og:locale\" content=\"es_ES\" \/>\n<meta property=\"og:type\" content=\"article\" \/>\n<meta property=\"og:title\" content=\"Vicepresidenta de la red SPACE - Experiencia Florida: Blog\" \/>\n<meta property=\"og:description\" content=\"La profesora de la Unidad de Ingenier\u00eda de Florida Universit\u00e0ria, Mercedes Aznar Jim\u00e9nez, acaba de ser elegida vicepresidenta de la red SPACE (Asociaci\u00f3n de Instituciones Europeas en el marco de la Educaci\u00f3n Superior, http:\/\/www.space-eu.be\/), de la que Florida forma parte desde hace 7 a\u00f1os. La candidatura de Mercedes Aznar fue aprobada por unanimidad de los [&hellip;]\" \/>\n<meta property=\"og:url\" content=\"http:\/\/blogs.florida.es\/floridauniversitariablog\/2012\/05\/vicepresidenta-de-la-red-space\/\" \/>\n<meta property=\"og:site_name\" content=\"Experiencia Florida: Blog\" \/>\n<meta property=\"article:published_time\" content=\"2012-05-28T17:43:52+00:00\" \/>\n<meta property=\"og:image\" content=\"https:\/\/blogs.florida.es\/floridauniversitariaingenieria\/wp-content\/uploads\/sites\/14\/2012\/05\/mercedes-aznar.jpg\" \/>\n<meta name=\"author\" content=\"mtmoreno@florida.local\" \/>\n<meta name=\"twitter:card\" content=\"summary_large_image\" \/>\n<meta name=\"twitter:label1\" content=\"Escrito por\" \/>\n\t<meta name=\"twitter:data1\" content=\"mtmoreno@florida.local\" \/>\n\t<meta name=\"twitter:label2\" content=\"Tiempo de lectura\" \/>\n\t<meta name=\"twitter:data2\" content=\"1 minuto\" \/>\n<script type=\"application\/ld+json\" class=\"yoast-schema-graph\">{\"@context\":\"https:\/\/schema.org\",\"@graph\":[{\"@type\":\"WebPage\",\"@id\":\"http:\/\/blogs.florida.es\/floridauniversitariablog\/2012\/05\/vicepresidenta-de-la-red-space\/\",\"url\":\"http:\/\/blogs.florida.es\/floridauniversitariablog\/2012\/05\/vicepresidenta-de-la-red-space\/\",\"name\":\"Vicepresidenta de la red SPACE - Experiencia Florida: Blog\",\"isPartOf\":{\"@id\":\"https:\/\/blogs.florida.es\/floridauniversitariablog\/#website\"},\"datePublished\":\"2012-05-28T17:43:52+00:00\",\"dateModified\":\"2012-05-28T17:43:52+00:00\",\"author\":{\"@id\":\"https:\/\/blogs.florida.es\/floridauniversitariablog\/#\/schema\/person\/b4f91174855694efbc637a78b3e74659\"},\"breadcrumb\":{\"@id\":\"http:\/\/blogs.florida.es\/floridauniversitariablog\/2012\/05\/vicepresidenta-de-la-red-space\/#breadcrumb\"},\"inLanguage\":\"es\",\"potentialAction\":[{\"@type\":\"ReadAction\",\"target\":[\"http:\/\/blogs.florida.es\/floridauniversitariablog\/2012\/05\/vicepresidenta-de-la-red-space\/\"]}]},{\"@type\":\"BreadcrumbList\",\"@id\":\"http:\/\/blogs.florida.es\/floridauniversitariablog\/2012\/05\/vicepresidenta-de-la-red-space\/#breadcrumb\",\"itemListElement\":[{\"@type\":\"ListItem\",\"position\":1,\"name\":\"Portada\",\"item\":\"https:\/\/blogs.florida.es\/floridauniversitariablog\/\"},{\"@type\":\"ListItem\",\"position\":2,\"name\":\"Vicepresidenta de la red SPACE\"}]},{\"@type\":\"WebSite\",\"@id\":\"https:\/\/blogs.florida.es\/floridauniversitariablog\/#website\",\"url\":\"https:\/\/blogs.florida.es\/floridauniversitariablog\/\",\"name\":\"Experiencia Florida: Blog\",\"description\":\"Experiencia Florida: Nuestro Blog\",\"potentialAction\":[{\"@type\":\"SearchAction\",\"target\":{\"@type\":\"EntryPoint\",\"urlTemplate\":\"https:\/\/blogs.florida.es\/floridauniversitariablog\/?s={search_term_string}\"},\"query-input\":\"required name=search_term_string\"}],\"inLanguage\":\"es\"},{\"@type\":\"Person\",\"@id\":\"https:\/\/blogs.florida.es\/floridauniversitariablog\/#\/schema\/person\/b4f91174855694efbc637a78b3e74659\",\"name\":\"mtmoreno@florida.local\",\"image\":{\"@type\":\"ImageObject\",\"inLanguage\":\"es\",\"@id\":\"https:\/\/blogs.florida.es\/floridauniversitariablog\/#\/schema\/person\/image\/\",\"url\":\"https:\/\/secure.gravatar.com\/avatar\/a292bf8f12a0bebd3ea5e24da579596fc0c0ed61528558850239ad4607f07411?s=96&d=mm&r=g\",\"contentUrl\":\"https:\/\/secure.gravatar.com\/avatar\/a292bf8f12a0bebd3ea5e24da579596fc0c0ed61528558850239ad4607f07411?s=96&d=mm&r=g\",\"caption\":\"mtmoreno@florida.local\"},\"url\":\"https:\/\/blogs.florida.es\/floridauniversitariablog\/author\/mtmoreno\/\"}]}<\/script>\n<!-- \/ Yoast SEO plugin. -->","yoast_head_json":{"title":"Vicepresidenta de la red SPACE - Experiencia Florida: Blog","robots":{"index":"index","follow":"follow","max-snippet":"max-snippet:-1","max-image-preview":"max-image-preview:large","max-video-preview":"max-video-preview:-1"},"canonical":"http:\/\/blogs.florida.es\/floridauniversitariablog\/2012\/05\/vicepresidenta-de-la-red-space\/","og_locale":"es_ES","og_type":"article","og_title":"Vicepresidenta de la red SPACE - Experiencia Florida: Blog","og_description":"La profesora de la Unidad de Ingenier\u00eda de Florida Universit\u00e0ria, Mercedes Aznar Jim\u00e9nez, acaba de ser elegida vicepresidenta de la red SPACE (Asociaci\u00f3n de Instituciones Europeas en el marco de la Educaci\u00f3n Superior, http:\/\/www.space-eu.be\/), de la que Florida forma parte desde hace 7 a\u00f1os. La candidatura de Mercedes Aznar fue aprobada por unanimidad de los [&hellip;]","og_url":"http:\/\/blogs.florida.es\/floridauniversitariablog\/2012\/05\/vicepresidenta-de-la-red-space\/","og_site_name":"Experiencia Florida: Blog","article_published_time":"2012-05-28T17:43:52+00:00","og_image":[{"url":"https:\/\/blogs.florida.es\/floridauniversitariaingenieria\/wp-content\/uploads\/sites\/14\/2012\/05\/mercedes-aznar.jpg"}],"author":"mtmoreno@florida.local","twitter_card":"summary_large_image","twitter_misc":{"Escrito por":"mtmoreno@florida.local","Tiempo de lectura":"1 minuto"},"schema":{"@context":"https:\/\/schema.org","@graph":[{"@type":"WebPage","@id":"http:\/\/blogs.florida.es\/floridauniversitariablog\/2012\/05\/vicepresidenta-de-la-red-space\/","url":"http:\/\/blogs.florida.es\/floridauniversitariablog\/2012\/05\/vicepresidenta-de-la-red-space\/","name":"Vicepresidenta de la red SPACE - Experiencia Florida: Blog","isPartOf":{"@id":"https:\/\/blogs.florida.es\/floridauniversitariablog\/#website"},"datePublished":"2012-05-28T17:43:52+00:00","dateModified":"2012-05-28T17:43:52+00:00","author":{"@id":"https:\/\/blogs.florida.es\/floridauniversitariablog\/#\/schema\/person\/b4f91174855694efbc637a78b3e74659"},"breadcrumb":{"@id":"http:\/\/blogs.florida.es\/floridauniversitariablog\/2012\/05\/vicepresidenta-de-la-red-space\/#breadcrumb"},"inLanguage":"es","potentialAction":[{"@type":"ReadAction","target":["http:\/\/blogs.florida.es\/floridauniversitariablog\/2012\/05\/vicepresidenta-de-la-red-space\/"]}]},{"@type":"BreadcrumbList","@id":"http:\/\/blogs.florida.es\/floridauniversitariablog\/2012\/05\/vicepresidenta-de-la-red-space\/#breadcrumb","itemListElement":[{"@type":"ListItem","position":1,"name":"Portada","item":"https:\/\/blogs.florida.es\/floridauniversitariablog\/"},{"@type":"ListItem","position":2,"name":"Vicepresidenta de la red SPACE"}]},{"@type":"WebSite","@id":"https:\/\/blogs.florida.es\/floridauniversitariablog\/#website","url":"https:\/\/blogs.florida.es\/floridauniversitariablog\/","name":"Experiencia Florida: Blog","description":"Experiencia Florida: Nuestro Blog","potentialAction":[{"@type":"SearchAction","target":{"@type":"EntryPoint","urlTemplate":"https:\/\/blogs.florida.es\/floridauniversitariablog\/?s={search_term_string}"},"query-input":"required name=search_term_string"}],"inLanguage":"es"},{"@type":"Person","@id":"https:\/\/blogs.florida.es\/floridauniversitariablog\/#\/schema\/person\/b4f91174855694efbc637a78b3e74659","name":"mtmoreno@florida.local","image":{"@type":"ImageObject","inLanguage":"es","@id":"https:\/\/blogs.florida.es\/floridauniversitariablog\/#\/schema\/person\/image\/","url":"https:\/\/secure.gravatar.com\/avatar\/a292bf8f12a0bebd3ea5e24da579596fc0c0ed61528558850239ad4607f07411?s=96&d=mm&r=g","contentUrl":"https:\/\/secure.gravatar.com\/avatar\/a292bf8f12a0bebd3ea5e24da579596fc0c0ed61528558850239ad4607f07411?s=96&d=mm&r=g","caption":"mtmoreno@florida.local"},"url":"https:\/\/blogs.florida.es\/floridauniversitariablog\/author\/mtmoreno\/"}]}},"jetpack_publicize_connections":[],"jetpack_featured_media_url":"","jetpack_sharing_enabled":true,"jetpack_shortlink":"https:\/\/wp.me\/pau61W-1xr","post_mailing_queue_ids":[],"_links":{"self":[{"href":"https:\/\/blogs.florida.es\/floridauniversitariablog\/wp-json\/wp\/v2\/posts\/5917","targetHints":{"allow":["GET"]}}],"collection":[{"href":"https:\/\/blogs.florida.es\/floridauniversitariablog\/wp-json\/wp\/v2\/posts"}],"about":[{"href":"https:\/\/blogs.florida.es\/floridauniversitariablog\/wp-json\/wp\/v2\/types\/post"}],"author":[{"embeddable":true,"href":"https:\/\/blogs.florida.es\/floridauniversitariablog\/wp-json\/wp\/v2\/users\/14"}],"replies":[{"embeddable":true,"href":"https:\/\/blogs.florida.es\/floridauniversitariablog\/wp-json\/wp\/v2\/comments?post=5917"}],"version-history":[{"count":0,"href":"https:\/\/blogs.florida.es\/floridauniversitariablog\/wp-json\/wp\/v2\/posts\/5917\/revisions"}],"wp:attachment":[{"href":"https:\/\/blogs.florida.es\/floridauniversitariablog\/wp-json\/wp\/v2\/media?parent=5917"}],"wp:term":[{"taxonomy":"category","embeddable":true,"href":"https:\/\/blogs.florida.es\/floridauniversitariablog\/wp-json\/wp\/v2\/categories?post=5917"},{"taxonomy":"post_tag","embeddable":true,"href":"https:\/\/blogs.florida.es\/floridauniversitariablog\/wp-json\/wp\/v2\/tags?post=5917"}],"curies":[{"name":"wp","href":"https:\/\/api.w.org\/{rel}","templated":true}]}}