{"id":7024,"date":"2021-12-20T07:19:12","date_gmt":"2021-12-20T07:19:12","guid":{"rendered":"https:\/\/blogs.florida.es\/floridauniversitariablog\/?p=7024"},"modified":"2021-12-20T07:19:12","modified_gmt":"2021-12-20T07:19:12","slug":"taller-ciudades-sostenibles-instalaciones-maquinas-y-seguridad-relacion-directa-entre-la-etica-aplicada-y-el-desarrollo-humano","status":"publish","type":"post","link":"https:\/\/blogs.florida.es\/floridauniversitariablog\/2021\/12\/taller-ciudades-sostenibles-instalaciones-maquinas-y-seguridad-relacion-directa-entre-la-etica-aplicada-y-el-desarrollo-humano\/","title":{"rendered":"Taller \u2018Ciudades sostenibles: instalaciones, m\u00e1quinas y seguridad. Relaci\u00f3n directa entre la \u00e9tica aplicada y el desarrollo humano\u2019"},"content":{"rendered":"<p style=\"text-align: justify\"><strong>Juan Medina<\/strong>, miembro de la Junta de gobierno y Tesorero \/ COGITI Valencia, imparti\u00f3 el Taller \u2018Ciudades sostenibles: instalaciones, m\u00e1quinas y seguridad. Relaci\u00f3n directa entre la \u00e9tica aplicada y el desarrollo humano\u2019.<\/p>\n<p><img loading=\"lazy\" decoding=\"async\" class=\"aligncenter size-large wp-image-7025\" src=\"http:\/\/blogs.florida.es\/floridauniversitariablog\/wp-content\/uploads\/sites\/19\/2021\/12\/juan-medina-1024x682.jpg\" alt=\"\" width=\"648\" height=\"432\" srcset=\"https:\/\/blogs.florida.es\/floridauniversitariablog\/wp-content\/uploads\/sites\/19\/2021\/12\/juan-medina-1024x682.jpg 1024w, https:\/\/blogs.florida.es\/floridauniversitariablog\/wp-content\/uploads\/sites\/19\/2021\/12\/juan-medina-300x200.jpg 300w, https:\/\/blogs.florida.es\/floridauniversitariablog\/wp-content\/uploads\/sites\/19\/2021\/12\/juan-medina-768x512.jpg 768w, https:\/\/blogs.florida.es\/floridauniversitariablog\/wp-content\/uploads\/sites\/19\/2021\/12\/juan-medina.jpg 1280w\" sizes=\"auto, (max-width: 648px) 100vw, 648px\" \/><\/p>\n<p style=\"text-align: justify\">El ponente ha hecho reflexionar al alumnado sobre su papel en las instalaciones industriales en las que trabajar\u00e1n para conseguir las licencias, como un hospital, un centro de salud, un local comercial, un hotel o una f\u00e1brica. Las revisiones est\u00e1n sujetas a la aprobaci\u00f3n de los ingenieros y muchos de los nuevos desconocen con qu\u00e9 se van a encontrar laboralmente cuando vayan a firmar las licencias, por este motivo, el ponente les puso en situaci\u00f3n de las distintas circunstancias que se iban a encontrar.<\/p>\n<p style=\"text-align: justify\">\u201cNuestras decisiones como ingenieros marcan las direcciones de un territorio. Si aplicamos pautas de dise\u00f1o en cuanto al aspecto medioambiental, la suma de esas mejoras hace que tengamos unas ciudades m\u00e1s sostenibles y que contribuyan a cumplir los objetivos de desarrollo sostenible (ODS) de Naciones Unidas\u201d, explicaba Juan Medina.<\/p>\n<p style=\"text-align: justify\">De este modo, comentaba la importancia de comportarse en la profesi\u00f3n de forma correcta y seria. \u201cMarcar los l\u00edmites en la firma de las autorizaciones de las licencias hacia equipaciones m\u00e1s sostenibles es fundamental\u201d, valoraba. En este sentido, avanzaba la posibilidad de que el alumnado se encuentre con presiones por parte de gerencia, que les quieran dirigir hacia situaciones poco \u00e9ticas y poco sostenibles. \u201cEs un distintivo como profesional que no os dej\u00e9is presionar, que manteng\u00e1is la integridad como el est\u00e1ndar de profesionales de c\u00f3mo defenderse\u201d, valoraba.<\/p>\n","protected":false},"excerpt":{"rendered":"<p>Juan Medina, miembro de la Junta de gobierno y Tesorero \/ COGITI Valencia, imparti\u00f3 el Taller \u2018Ciudades sostenibles: instalaciones, m\u00e1quinas y seguridad. Relaci\u00f3n directa entre la \u00e9tica aplicada y el desarrollo humano\u2019. El ponente ha hecho reflexionar al alumnado sobre su papel en las instalaciones industriales en las que trabajar\u00e1n para conseguir las licencias, como [&hellip;]<\/p>\n","protected":false},"author":14,"featured_media":0,"comment_status":"closed","ping_status":"closed","sticky":false,"template":"","format":"standard","meta":{"jetpack_post_was_ever_published":false,"_jetpack_newsletter_access":"","_jetpack_dont_email_post_to_subs":false,"_jetpack_newsletter_tier_id":0,"_jetpack_memberships_contains_paywalled_content":false,"_jetpack_memberships_contains_paid_content":false,"footnotes":"","jetpack_publicize_message":"","jetpack_publicize_feature_enabled":true,"jetpack_social_post_already_shared":true,"jetpack_social_options":{"image_generator_settings":{"template":"highway","default_image_id":0,"font":"","enabled":false},"version":2}},"categories":[6],"tags":[],"class_list":["post-7024","post","type-post","status-publish","format-standard","hentry","category-ingenieria"],"yoast_head":"<!-- This site is optimized with the Yoast SEO plugin v21.6 - https:\/\/yoast.com\/wordpress\/plugins\/seo\/ -->\n<title>Taller \u2018Ciudades sostenibles: instalaciones, m\u00e1quinas y seguridad. Relaci\u00f3n directa entre la \u00e9tica aplicada y el desarrollo humano\u2019 - Experiencia Florida: Blog<\/title>\n<meta name=\"robots\" content=\"index, follow, max-snippet:-1, max-image-preview:large, max-video-preview:-1\" \/>\n<link rel=\"canonical\" href=\"http:\/\/blogs.florida.es\/floridauniversitariablog\/2021\/12\/taller-ciudades-sostenibles-instalaciones-maquinas-y-seguridad-relacion-directa-entre-la-etica-aplicada-y-el-desarrollo-humano\/\" \/>\n<meta property=\"og:locale\" content=\"es_ES\" \/>\n<meta property=\"og:type\" content=\"article\" \/>\n<meta property=\"og:title\" content=\"Taller \u2018Ciudades sostenibles: instalaciones, m\u00e1quinas y seguridad. Relaci\u00f3n directa entre la \u00e9tica aplicada y el desarrollo humano\u2019 - Experiencia Florida: Blog\" \/>\n<meta property=\"og:description\" content=\"Juan Medina, miembro de la Junta de gobierno y Tesorero \/ COGITI Valencia, imparti\u00f3 el Taller \u2018Ciudades sostenibles: instalaciones, m\u00e1quinas y seguridad. Relaci\u00f3n directa entre la \u00e9tica aplicada y el desarrollo humano\u2019. El ponente ha hecho reflexionar al alumnado sobre su papel en las instalaciones industriales en las que trabajar\u00e1n para conseguir las licencias, como [&hellip;]\" \/>\n<meta property=\"og:url\" content=\"http:\/\/blogs.florida.es\/floridauniversitariablog\/2021\/12\/taller-ciudades-sostenibles-instalaciones-maquinas-y-seguridad-relacion-directa-entre-la-etica-aplicada-y-el-desarrollo-humano\/\" \/>\n<meta property=\"og:site_name\" content=\"Experiencia Florida: Blog\" \/>\n<meta property=\"article:published_time\" content=\"2021-12-20T07:19:12+00:00\" \/>\n<meta property=\"og:image\" content=\"http:\/\/blogs.florida.es\/floridauniversitariablog\/wp-content\/uploads\/sites\/19\/2021\/12\/juan-medina-1024x682.jpg\" \/>\n<meta name=\"author\" content=\"mtmoreno@florida.local\" \/>\n<meta name=\"twitter:card\" content=\"summary_large_image\" \/>\n<meta name=\"twitter:label1\" content=\"Escrito por\" \/>\n\t<meta name=\"twitter:data1\" content=\"mtmoreno@florida.local\" \/>\n\t<meta name=\"twitter:label2\" content=\"Tiempo de lectura\" \/>\n\t<meta name=\"twitter:data2\" content=\"2 minutos\" \/>\n<script type=\"application\/ld+json\" class=\"yoast-schema-graph\">{\"@context\":\"https:\/\/schema.org\",\"@graph\":[{\"@type\":\"WebPage\",\"@id\":\"http:\/\/blogs.florida.es\/floridauniversitariablog\/2021\/12\/taller-ciudades-sostenibles-instalaciones-maquinas-y-seguridad-relacion-directa-entre-la-etica-aplicada-y-el-desarrollo-humano\/\",\"url\":\"http:\/\/blogs.florida.es\/floridauniversitariablog\/2021\/12\/taller-ciudades-sostenibles-instalaciones-maquinas-y-seguridad-relacion-directa-entre-la-etica-aplicada-y-el-desarrollo-humano\/\",\"name\":\"Taller \u2018Ciudades sostenibles: instalaciones, m\u00e1quinas y seguridad. Relaci\u00f3n directa entre la \u00e9tica aplicada y el desarrollo humano\u2019 - Experiencia Florida: Blog\",\"isPartOf\":{\"@id\":\"https:\/\/blogs.florida.es\/floridauniversitariablog\/#website\"},\"datePublished\":\"2021-12-20T07:19:12+00:00\",\"dateModified\":\"2021-12-20T07:19:12+00:00\",\"author\":{\"@id\":\"https:\/\/blogs.florida.es\/floridauniversitariablog\/#\/schema\/person\/b4f91174855694efbc637a78b3e74659\"},\"breadcrumb\":{\"@id\":\"http:\/\/blogs.florida.es\/floridauniversitariablog\/2021\/12\/taller-ciudades-sostenibles-instalaciones-maquinas-y-seguridad-relacion-directa-entre-la-etica-aplicada-y-el-desarrollo-humano\/#breadcrumb\"},\"inLanguage\":\"es\",\"potentialAction\":[{\"@type\":\"ReadAction\",\"target\":[\"http:\/\/blogs.florida.es\/floridauniversitariablog\/2021\/12\/taller-ciudades-sostenibles-instalaciones-maquinas-y-seguridad-relacion-directa-entre-la-etica-aplicada-y-el-desarrollo-humano\/\"]}]},{\"@type\":\"BreadcrumbList\",\"@id\":\"http:\/\/blogs.florida.es\/floridauniversitariablog\/2021\/12\/taller-ciudades-sostenibles-instalaciones-maquinas-y-seguridad-relacion-directa-entre-la-etica-aplicada-y-el-desarrollo-humano\/#breadcrumb\",\"itemListElement\":[{\"@type\":\"ListItem\",\"position\":1,\"name\":\"Portada\",\"item\":\"https:\/\/blogs.florida.es\/floridauniversitariablog\/\"},{\"@type\":\"ListItem\",\"position\":2,\"name\":\"Taller \u2018Ciudades sostenibles: instalaciones, m\u00e1quinas y seguridad. Relaci\u00f3n directa entre la \u00e9tica aplicada y el desarrollo humano\u2019\"}]},{\"@type\":\"WebSite\",\"@id\":\"https:\/\/blogs.florida.es\/floridauniversitariablog\/#website\",\"url\":\"https:\/\/blogs.florida.es\/floridauniversitariablog\/\",\"name\":\"Experiencia Florida: Blog\",\"description\":\"Experiencia Florida: Nuestro Blog\",\"potentialAction\":[{\"@type\":\"SearchAction\",\"target\":{\"@type\":\"EntryPoint\",\"urlTemplate\":\"https:\/\/blogs.florida.es\/floridauniversitariablog\/?s={search_term_string}\"},\"query-input\":\"required name=search_term_string\"}],\"inLanguage\":\"es\"},{\"@type\":\"Person\",\"@id\":\"https:\/\/blogs.florida.es\/floridauniversitariablog\/#\/schema\/person\/b4f91174855694efbc637a78b3e74659\",\"name\":\"mtmoreno@florida.local\",\"image\":{\"@type\":\"ImageObject\",\"inLanguage\":\"es\",\"@id\":\"https:\/\/blogs.florida.es\/floridauniversitariablog\/#\/schema\/person\/image\/\",\"url\":\"https:\/\/secure.gravatar.com\/avatar\/a292bf8f12a0bebd3ea5e24da579596fc0c0ed61528558850239ad4607f07411?s=96&d=mm&r=g\",\"contentUrl\":\"https:\/\/secure.gravatar.com\/avatar\/a292bf8f12a0bebd3ea5e24da579596fc0c0ed61528558850239ad4607f07411?s=96&d=mm&r=g\",\"caption\":\"mtmoreno@florida.local\"},\"url\":\"https:\/\/blogs.florida.es\/floridauniversitariablog\/author\/mtmoreno\/\"}]}<\/script>\n<!-- \/ Yoast SEO plugin. -->","yoast_head_json":{"title":"Taller \u2018Ciudades sostenibles: instalaciones, m\u00e1quinas y seguridad. Relaci\u00f3n directa entre la \u00e9tica aplicada y el desarrollo humano\u2019 - Experiencia Florida: Blog","robots":{"index":"index","follow":"follow","max-snippet":"max-snippet:-1","max-image-preview":"max-image-preview:large","max-video-preview":"max-video-preview:-1"},"canonical":"http:\/\/blogs.florida.es\/floridauniversitariablog\/2021\/12\/taller-ciudades-sostenibles-instalaciones-maquinas-y-seguridad-relacion-directa-entre-la-etica-aplicada-y-el-desarrollo-humano\/","og_locale":"es_ES","og_type":"article","og_title":"Taller \u2018Ciudades sostenibles: instalaciones, m\u00e1quinas y seguridad. Relaci\u00f3n directa entre la \u00e9tica aplicada y el desarrollo humano\u2019 - Experiencia Florida: Blog","og_description":"Juan Medina, miembro de la Junta de gobierno y Tesorero \/ COGITI Valencia, imparti\u00f3 el Taller \u2018Ciudades sostenibles: instalaciones, m\u00e1quinas y seguridad. Relaci\u00f3n directa entre la \u00e9tica aplicada y el desarrollo humano\u2019. El ponente ha hecho reflexionar al alumnado sobre su papel en las instalaciones industriales en las que trabajar\u00e1n para conseguir las licencias, como [&hellip;]","og_url":"http:\/\/blogs.florida.es\/floridauniversitariablog\/2021\/12\/taller-ciudades-sostenibles-instalaciones-maquinas-y-seguridad-relacion-directa-entre-la-etica-aplicada-y-el-desarrollo-humano\/","og_site_name":"Experiencia Florida: Blog","article_published_time":"2021-12-20T07:19:12+00:00","og_image":[{"url":"http:\/\/blogs.florida.es\/floridauniversitariablog\/wp-content\/uploads\/sites\/19\/2021\/12\/juan-medina-1024x682.jpg"}],"author":"mtmoreno@florida.local","twitter_card":"summary_large_image","twitter_misc":{"Escrito por":"mtmoreno@florida.local","Tiempo de lectura":"2 minutos"},"schema":{"@context":"https:\/\/schema.org","@graph":[{"@type":"WebPage","@id":"http:\/\/blogs.florida.es\/floridauniversitariablog\/2021\/12\/taller-ciudades-sostenibles-instalaciones-maquinas-y-seguridad-relacion-directa-entre-la-etica-aplicada-y-el-desarrollo-humano\/","url":"http:\/\/blogs.florida.es\/floridauniversitariablog\/2021\/12\/taller-ciudades-sostenibles-instalaciones-maquinas-y-seguridad-relacion-directa-entre-la-etica-aplicada-y-el-desarrollo-humano\/","name":"Taller \u2018Ciudades sostenibles: instalaciones, m\u00e1quinas y seguridad. Relaci\u00f3n directa entre la \u00e9tica aplicada y el desarrollo humano\u2019 - Experiencia Florida: Blog","isPartOf":{"@id":"https:\/\/blogs.florida.es\/floridauniversitariablog\/#website"},"datePublished":"2021-12-20T07:19:12+00:00","dateModified":"2021-12-20T07:19:12+00:00","author":{"@id":"https:\/\/blogs.florida.es\/floridauniversitariablog\/#\/schema\/person\/b4f91174855694efbc637a78b3e74659"},"breadcrumb":{"@id":"http:\/\/blogs.florida.es\/floridauniversitariablog\/2021\/12\/taller-ciudades-sostenibles-instalaciones-maquinas-y-seguridad-relacion-directa-entre-la-etica-aplicada-y-el-desarrollo-humano\/#breadcrumb"},"inLanguage":"es","potentialAction":[{"@type":"ReadAction","target":["http:\/\/blogs.florida.es\/floridauniversitariablog\/2021\/12\/taller-ciudades-sostenibles-instalaciones-maquinas-y-seguridad-relacion-directa-entre-la-etica-aplicada-y-el-desarrollo-humano\/"]}]},{"@type":"BreadcrumbList","@id":"http:\/\/blogs.florida.es\/floridauniversitariablog\/2021\/12\/taller-ciudades-sostenibles-instalaciones-maquinas-y-seguridad-relacion-directa-entre-la-etica-aplicada-y-el-desarrollo-humano\/#breadcrumb","itemListElement":[{"@type":"ListItem","position":1,"name":"Portada","item":"https:\/\/blogs.florida.es\/floridauniversitariablog\/"},{"@type":"ListItem","position":2,"name":"Taller \u2018Ciudades sostenibles: instalaciones, m\u00e1quinas y seguridad. Relaci\u00f3n directa entre la \u00e9tica aplicada y el desarrollo humano\u2019"}]},{"@type":"WebSite","@id":"https:\/\/blogs.florida.es\/floridauniversitariablog\/#website","url":"https:\/\/blogs.florida.es\/floridauniversitariablog\/","name":"Experiencia Florida: Blog","description":"Experiencia Florida: Nuestro Blog","potentialAction":[{"@type":"SearchAction","target":{"@type":"EntryPoint","urlTemplate":"https:\/\/blogs.florida.es\/floridauniversitariablog\/?s={search_term_string}"},"query-input":"required name=search_term_string"}],"inLanguage":"es"},{"@type":"Person","@id":"https:\/\/blogs.florida.es\/floridauniversitariablog\/#\/schema\/person\/b4f91174855694efbc637a78b3e74659","name":"mtmoreno@florida.local","image":{"@type":"ImageObject","inLanguage":"es","@id":"https:\/\/blogs.florida.es\/floridauniversitariablog\/#\/schema\/person\/image\/","url":"https:\/\/secure.gravatar.com\/avatar\/a292bf8f12a0bebd3ea5e24da579596fc0c0ed61528558850239ad4607f07411?s=96&d=mm&r=g","contentUrl":"https:\/\/secure.gravatar.com\/avatar\/a292bf8f12a0bebd3ea5e24da579596fc0c0ed61528558850239ad4607f07411?s=96&d=mm&r=g","caption":"mtmoreno@florida.local"},"url":"https:\/\/blogs.florida.es\/floridauniversitariablog\/author\/mtmoreno\/"}]}},"jetpack_publicize_connections":[],"jetpack_featured_media_url":"","jetpack_sharing_enabled":true,"jetpack_shortlink":"https:\/\/wp.me\/pau61W-1Pi","post_mailing_queue_ids":[],"_links":{"self":[{"href":"https:\/\/blogs.florida.es\/floridauniversitariablog\/wp-json\/wp\/v2\/posts\/7024","targetHints":{"allow":["GET"]}}],"collection":[{"href":"https:\/\/blogs.florida.es\/floridauniversitariablog\/wp-json\/wp\/v2\/posts"}],"about":[{"href":"https:\/\/blogs.florida.es\/floridauniversitariablog\/wp-json\/wp\/v2\/types\/post"}],"author":[{"embeddable":true,"href":"https:\/\/blogs.florida.es\/floridauniversitariablog\/wp-json\/wp\/v2\/users\/14"}],"replies":[{"embeddable":true,"href":"https:\/\/blogs.florida.es\/floridauniversitariablog\/wp-json\/wp\/v2\/comments?post=7024"}],"version-history":[{"count":1,"href":"https:\/\/blogs.florida.es\/floridauniversitariablog\/wp-json\/wp\/v2\/posts\/7024\/revisions"}],"predecessor-version":[{"id":7026,"href":"https:\/\/blogs.florida.es\/floridauniversitariablog\/wp-json\/wp\/v2\/posts\/7024\/revisions\/7026"}],"wp:attachment":[{"href":"https:\/\/blogs.florida.es\/floridauniversitariablog\/wp-json\/wp\/v2\/media?parent=7024"}],"wp:term":[{"taxonomy":"category","embeddable":true,"href":"https:\/\/blogs.florida.es\/floridauniversitariablog\/wp-json\/wp\/v2\/categories?post=7024"},{"taxonomy":"post_tag","embeddable":true,"href":"https:\/\/blogs.florida.es\/floridauniversitariablog\/wp-json\/wp\/v2\/tags?post=7024"}],"curies":[{"name":"wp","href":"https:\/\/api.w.org\/{rel}","templated":true}]}}