{"id":9196,"date":"2025-02-11T10:19:10","date_gmt":"2025-02-11T10:19:10","guid":{"rendered":"https:\/\/blogs.florida.es\/floridauniversitariablog\/?p=9196"},"modified":"2025-02-11T10:19:10","modified_gmt":"2025-02-11T10:19:10","slug":"v-jornada-sobre-el-aula-exterior-espacios-para-repensar","status":"publish","type":"post","link":"https:\/\/blogs.florida.es\/floridauniversitariablog\/2025\/02\/v-jornada-sobre-el-aula-exterior-espacios-para-repensar\/","title":{"rendered":"V Jornada sobre el Aula Exterior: \u00abEspacios para (Re)Pensar\u00bb"},"content":{"rendered":"<p><a href=\"https:\/\/www.floridauniversitaria.es\" target=\"_blank\" rel=\"noopener\"><strong>Florida Universit\u00e0ria<\/strong><\/a> acoge la <strong>V Jornada sobre el Aula Exterior: \u00abEspacios para (Re)Pensar\u00bb.<\/strong><\/p>\n<p>La jornada sobre el dise\u00f1o de espacios exteriores del aula volver\u00e1 a destacar la importancia de los patios, pasillos y otros entornos fuera del aula tradicional como espacios clave para el aprendizaje y desarrollo del alumnado.<\/p>\n<p>El objetivo de la sesi\u00f3n, que se llevar\u00e1 a cabo el mi\u00e9rcoles <strong>12 de febrero en el Sal\u00f3n de Actos del Campus de Catarroja,<\/strong> ser\u00e1 aportar informaci\u00f3n de inter\u00e9s al alumnado de los Grados en Maestro\/a en<a href=\"https:\/\/www.floridauniversitaria.es\/titulacion\/grado-en-maestro-a-en-educacion-infantil\/\" target=\"_blank\" rel=\"noopener\"> Educaci\u00f3n Infantil<\/a> y <a href=\"https:\/\/www.floridauniversitaria.es\/titulacion\/grado-en-maestro-a-en-educacion-primaria\/\" target=\"_blank\" rel=\"noopener\">Educaci\u00f3n Primaria<\/a> para que puedan aplicarla a proyectos pr\u00e1cticos e innovadores para la mejora de patios escolares, identificando sus necesidades y desaf\u00edos.<\/p>\n<p>En esta nueva edici\u00f3n participar\u00e1n la <strong>Dra. Sandra Molines Borr\u00e1s<\/strong> (Patios Coeducativos), el arquitecto t\u00e9cnico y aparejador, <strong>Juan Fernando Lancero<\/strong> (Patios Seguros); <strong>Vicente Ordaz Hidalgo<\/strong>, asesor de ajardinamiento y zonas verdes (Patios Naturalizados) y la <strong>Dra. Cristina Duart Carri\u00f3n<\/strong> (Patios Inclusivos).<\/p>\n<p><img loading=\"lazy\" decoding=\"async\" class=\"aligncenter size-large wp-image-9197\" src=\"http:\/\/blogs.florida.es\/floridauniversitariablog\/wp-content\/uploads\/sites\/19\/2025\/02\/florida-universitaria-jornada-patis-724x1024.jpg\" alt=\"\" width=\"648\" height=\"917\" srcset=\"https:\/\/blogs.florida.es\/floridauniversitariablog\/wp-content\/uploads\/sites\/19\/2025\/02\/florida-universitaria-jornada-patis-724x1024.jpg 724w, https:\/\/blogs.florida.es\/floridauniversitariablog\/wp-content\/uploads\/sites\/19\/2025\/02\/florida-universitaria-jornada-patis-212x300.jpg 212w, https:\/\/blogs.florida.es\/floridauniversitariablog\/wp-content\/uploads\/sites\/19\/2025\/02\/florida-universitaria-jornada-patis-768x1086.jpg 768w, https:\/\/blogs.florida.es\/floridauniversitariablog\/wp-content\/uploads\/sites\/19\/2025\/02\/florida-universitaria-jornada-patis-1086x1536.jpg 1086w, https:\/\/blogs.florida.es\/floridauniversitariablog\/wp-content\/uploads\/sites\/19\/2025\/02\/florida-universitaria-jornada-patis-1448x2048.jpg 1448w, https:\/\/blogs.florida.es\/floridauniversitariablog\/wp-content\/uploads\/sites\/19\/2025\/02\/florida-universitaria-jornada-patis.jpg 1587w\" sizes=\"auto, (max-width: 648px) 100vw, 648px\" \/><\/p>\n<p>&nbsp;<\/p>\n","protected":false},"excerpt":{"rendered":"<p>Florida Universit\u00e0ria acoge la V Jornada sobre el Aula Exterior: \u00abEspacios para (Re)Pensar\u00bb. La jornada sobre el dise\u00f1o de espacios exteriores del aula volver\u00e1 a destacar la importancia de los patios, pasillos y otros entornos fuera del aula tradicional como espacios clave para el aprendizaje y desarrollo del alumnado. El objetivo de la sesi\u00f3n, que [&hellip;]<\/p>\n","protected":false},"author":14,"featured_media":0,"comment_status":"closed","ping_status":"closed","sticky":false,"template":"","format":"standard","meta":{"jetpack_post_was_ever_published":false,"_jetpack_newsletter_access":"","_jetpack_dont_email_post_to_subs":false,"_jetpack_newsletter_tier_id":0,"_jetpack_memberships_contains_paywalled_content":false,"_jetpack_memberships_contains_paid_content":false,"footnotes":"","jetpack_publicize_message":"","jetpack_publicize_feature_enabled":true,"jetpack_social_post_already_shared":true,"jetpack_social_options":{"image_generator_settings":{"template":"highway","default_image_id":0,"font":"","enabled":false},"version":2}},"categories":[4],"tags":[],"class_list":["post-9196","post","type-post","status-publish","format-standard","hentry","category-educacion"],"yoast_head":"<!-- This site is optimized with the Yoast SEO plugin v21.6 - https:\/\/yoast.com\/wordpress\/plugins\/seo\/ -->\n<title>V Jornada sobre el Aula Exterior: &quot;Espacios para (Re)Pensar&quot; - Experiencia Florida: Blog<\/title>\n<meta name=\"robots\" content=\"index, follow, max-snippet:-1, max-image-preview:large, max-video-preview:-1\" \/>\n<link rel=\"canonical\" href=\"https:\/\/blogs.florida.es\/floridauniversitariablog\/2025\/02\/v-jornada-sobre-el-aula-exterior-espacios-para-repensar\/\" \/>\n<meta property=\"og:locale\" content=\"es_ES\" \/>\n<meta property=\"og:type\" content=\"article\" \/>\n<meta property=\"og:title\" content=\"V Jornada sobre el Aula Exterior: &quot;Espacios para (Re)Pensar&quot; - Experiencia Florida: Blog\" \/>\n<meta property=\"og:description\" content=\"Florida Universit\u00e0ria acoge la V Jornada sobre el Aula Exterior: \u00abEspacios para (Re)Pensar\u00bb. La jornada sobre el dise\u00f1o de espacios exteriores del aula volver\u00e1 a destacar la importancia de los patios, pasillos y otros entornos fuera del aula tradicional como espacios clave para el aprendizaje y desarrollo del alumnado. El objetivo de la sesi\u00f3n, que [&hellip;]\" \/>\n<meta property=\"og:url\" content=\"https:\/\/blogs.florida.es\/floridauniversitariablog\/2025\/02\/v-jornada-sobre-el-aula-exterior-espacios-para-repensar\/\" \/>\n<meta property=\"og:site_name\" content=\"Experiencia Florida: Blog\" \/>\n<meta property=\"article:published_time\" content=\"2025-02-11T10:19:10+00:00\" \/>\n<meta property=\"og:image\" content=\"http:\/\/blogs.florida.es\/floridauniversitariablog\/wp-content\/uploads\/sites\/19\/2025\/02\/florida-universitaria-jornada-patis-724x1024.jpg\" \/>\n<meta name=\"author\" content=\"mtmoreno@florida.local\" \/>\n<meta name=\"twitter:card\" content=\"summary_large_image\" \/>\n<meta name=\"twitter:label1\" content=\"Escrito por\" \/>\n\t<meta name=\"twitter:data1\" content=\"mtmoreno@florida.local\" \/>\n\t<meta name=\"twitter:label2\" content=\"Tiempo de lectura\" \/>\n\t<meta name=\"twitter:data2\" content=\"1 minuto\" \/>\n<script type=\"application\/ld+json\" class=\"yoast-schema-graph\">{\"@context\":\"https:\/\/schema.org\",\"@graph\":[{\"@type\":\"WebPage\",\"@id\":\"https:\/\/blogs.florida.es\/floridauniversitariablog\/2025\/02\/v-jornada-sobre-el-aula-exterior-espacios-para-repensar\/\",\"url\":\"https:\/\/blogs.florida.es\/floridauniversitariablog\/2025\/02\/v-jornada-sobre-el-aula-exterior-espacios-para-repensar\/\",\"name\":\"V Jornada sobre el Aula Exterior: \\\"Espacios para (Re)Pensar\\\" - Experiencia Florida: Blog\",\"isPartOf\":{\"@id\":\"https:\/\/blogs.florida.es\/floridauniversitariablog\/#website\"},\"datePublished\":\"2025-02-11T10:19:10+00:00\",\"dateModified\":\"2025-02-11T10:19:10+00:00\",\"author\":{\"@id\":\"https:\/\/blogs.florida.es\/floridauniversitariablog\/#\/schema\/person\/b4f91174855694efbc637a78b3e74659\"},\"breadcrumb\":{\"@id\":\"https:\/\/blogs.florida.es\/floridauniversitariablog\/2025\/02\/v-jornada-sobre-el-aula-exterior-espacios-para-repensar\/#breadcrumb\"},\"inLanguage\":\"es\",\"potentialAction\":[{\"@type\":\"ReadAction\",\"target\":[\"https:\/\/blogs.florida.es\/floridauniversitariablog\/2025\/02\/v-jornada-sobre-el-aula-exterior-espacios-para-repensar\/\"]}]},{\"@type\":\"BreadcrumbList\",\"@id\":\"https:\/\/blogs.florida.es\/floridauniversitariablog\/2025\/02\/v-jornada-sobre-el-aula-exterior-espacios-para-repensar\/#breadcrumb\",\"itemListElement\":[{\"@type\":\"ListItem\",\"position\":1,\"name\":\"Portada\",\"item\":\"https:\/\/blogs.florida.es\/floridauniversitariablog\/\"},{\"@type\":\"ListItem\",\"position\":2,\"name\":\"V Jornada sobre el Aula Exterior: \u00abEspacios para (Re)Pensar\u00bb\"}]},{\"@type\":\"WebSite\",\"@id\":\"https:\/\/blogs.florida.es\/floridauniversitariablog\/#website\",\"url\":\"https:\/\/blogs.florida.es\/floridauniversitariablog\/\",\"name\":\"Experiencia Florida: Blog\",\"description\":\"Experiencia Florida: Nuestro Blog\",\"potentialAction\":[{\"@type\":\"SearchAction\",\"target\":{\"@type\":\"EntryPoint\",\"urlTemplate\":\"https:\/\/blogs.florida.es\/floridauniversitariablog\/?s={search_term_string}\"},\"query-input\":\"required name=search_term_string\"}],\"inLanguage\":\"es\"},{\"@type\":\"Person\",\"@id\":\"https:\/\/blogs.florida.es\/floridauniversitariablog\/#\/schema\/person\/b4f91174855694efbc637a78b3e74659\",\"name\":\"mtmoreno@florida.local\",\"image\":{\"@type\":\"ImageObject\",\"inLanguage\":\"es\",\"@id\":\"https:\/\/blogs.florida.es\/floridauniversitariablog\/#\/schema\/person\/image\/\",\"url\":\"https:\/\/secure.gravatar.com\/avatar\/a292bf8f12a0bebd3ea5e24da579596fc0c0ed61528558850239ad4607f07411?s=96&d=mm&r=g\",\"contentUrl\":\"https:\/\/secure.gravatar.com\/avatar\/a292bf8f12a0bebd3ea5e24da579596fc0c0ed61528558850239ad4607f07411?s=96&d=mm&r=g\",\"caption\":\"mtmoreno@florida.local\"},\"url\":\"https:\/\/blogs.florida.es\/floridauniversitariablog\/author\/mtmoreno\/\"}]}<\/script>\n<!-- \/ Yoast SEO plugin. -->","yoast_head_json":{"title":"V Jornada sobre el Aula Exterior: \"Espacios para (Re)Pensar\" - Experiencia Florida: Blog","robots":{"index":"index","follow":"follow","max-snippet":"max-snippet:-1","max-image-preview":"max-image-preview:large","max-video-preview":"max-video-preview:-1"},"canonical":"https:\/\/blogs.florida.es\/floridauniversitariablog\/2025\/02\/v-jornada-sobre-el-aula-exterior-espacios-para-repensar\/","og_locale":"es_ES","og_type":"article","og_title":"V Jornada sobre el Aula Exterior: \"Espacios para (Re)Pensar\" - Experiencia Florida: Blog","og_description":"Florida Universit\u00e0ria acoge la V Jornada sobre el Aula Exterior: \u00abEspacios para (Re)Pensar\u00bb. La jornada sobre el dise\u00f1o de espacios exteriores del aula volver\u00e1 a destacar la importancia de los patios, pasillos y otros entornos fuera del aula tradicional como espacios clave para el aprendizaje y desarrollo del alumnado. El objetivo de la sesi\u00f3n, que [&hellip;]","og_url":"https:\/\/blogs.florida.es\/floridauniversitariablog\/2025\/02\/v-jornada-sobre-el-aula-exterior-espacios-para-repensar\/","og_site_name":"Experiencia Florida: Blog","article_published_time":"2025-02-11T10:19:10+00:00","og_image":[{"url":"http:\/\/blogs.florida.es\/floridauniversitariablog\/wp-content\/uploads\/sites\/19\/2025\/02\/florida-universitaria-jornada-patis-724x1024.jpg"}],"author":"mtmoreno@florida.local","twitter_card":"summary_large_image","twitter_misc":{"Escrito por":"mtmoreno@florida.local","Tiempo de lectura":"1 minuto"},"schema":{"@context":"https:\/\/schema.org","@graph":[{"@type":"WebPage","@id":"https:\/\/blogs.florida.es\/floridauniversitariablog\/2025\/02\/v-jornada-sobre-el-aula-exterior-espacios-para-repensar\/","url":"https:\/\/blogs.florida.es\/floridauniversitariablog\/2025\/02\/v-jornada-sobre-el-aula-exterior-espacios-para-repensar\/","name":"V Jornada sobre el Aula Exterior: \"Espacios para (Re)Pensar\" - Experiencia Florida: Blog","isPartOf":{"@id":"https:\/\/blogs.florida.es\/floridauniversitariablog\/#website"},"datePublished":"2025-02-11T10:19:10+00:00","dateModified":"2025-02-11T10:19:10+00:00","author":{"@id":"https:\/\/blogs.florida.es\/floridauniversitariablog\/#\/schema\/person\/b4f91174855694efbc637a78b3e74659"},"breadcrumb":{"@id":"https:\/\/blogs.florida.es\/floridauniversitariablog\/2025\/02\/v-jornada-sobre-el-aula-exterior-espacios-para-repensar\/#breadcrumb"},"inLanguage":"es","potentialAction":[{"@type":"ReadAction","target":["https:\/\/blogs.florida.es\/floridauniversitariablog\/2025\/02\/v-jornada-sobre-el-aula-exterior-espacios-para-repensar\/"]}]},{"@type":"BreadcrumbList","@id":"https:\/\/blogs.florida.es\/floridauniversitariablog\/2025\/02\/v-jornada-sobre-el-aula-exterior-espacios-para-repensar\/#breadcrumb","itemListElement":[{"@type":"ListItem","position":1,"name":"Portada","item":"https:\/\/blogs.florida.es\/floridauniversitariablog\/"},{"@type":"ListItem","position":2,"name":"V Jornada sobre el Aula Exterior: \u00abEspacios para (Re)Pensar\u00bb"}]},{"@type":"WebSite","@id":"https:\/\/blogs.florida.es\/floridauniversitariablog\/#website","url":"https:\/\/blogs.florida.es\/floridauniversitariablog\/","name":"Experiencia Florida: Blog","description":"Experiencia Florida: Nuestro Blog","potentialAction":[{"@type":"SearchAction","target":{"@type":"EntryPoint","urlTemplate":"https:\/\/blogs.florida.es\/floridauniversitariablog\/?s={search_term_string}"},"query-input":"required name=search_term_string"}],"inLanguage":"es"},{"@type":"Person","@id":"https:\/\/blogs.florida.es\/floridauniversitariablog\/#\/schema\/person\/b4f91174855694efbc637a78b3e74659","name":"mtmoreno@florida.local","image":{"@type":"ImageObject","inLanguage":"es","@id":"https:\/\/blogs.florida.es\/floridauniversitariablog\/#\/schema\/person\/image\/","url":"https:\/\/secure.gravatar.com\/avatar\/a292bf8f12a0bebd3ea5e24da579596fc0c0ed61528558850239ad4607f07411?s=96&d=mm&r=g","contentUrl":"https:\/\/secure.gravatar.com\/avatar\/a292bf8f12a0bebd3ea5e24da579596fc0c0ed61528558850239ad4607f07411?s=96&d=mm&r=g","caption":"mtmoreno@florida.local"},"url":"https:\/\/blogs.florida.es\/floridauniversitariablog\/author\/mtmoreno\/"}]}},"jetpack_publicize_connections":[],"jetpack_featured_media_url":"","jetpack_sharing_enabled":true,"jetpack_shortlink":"https:\/\/wp.me\/pau61W-2ok","post_mailing_queue_ids":[],"_links":{"self":[{"href":"https:\/\/blogs.florida.es\/floridauniversitariablog\/wp-json\/wp\/v2\/posts\/9196","targetHints":{"allow":["GET"]}}],"collection":[{"href":"https:\/\/blogs.florida.es\/floridauniversitariablog\/wp-json\/wp\/v2\/posts"}],"about":[{"href":"https:\/\/blogs.florida.es\/floridauniversitariablog\/wp-json\/wp\/v2\/types\/post"}],"author":[{"embeddable":true,"href":"https:\/\/blogs.florida.es\/floridauniversitariablog\/wp-json\/wp\/v2\/users\/14"}],"replies":[{"embeddable":true,"href":"https:\/\/blogs.florida.es\/floridauniversitariablog\/wp-json\/wp\/v2\/comments?post=9196"}],"version-history":[{"count":1,"href":"https:\/\/blogs.florida.es\/floridauniversitariablog\/wp-json\/wp\/v2\/posts\/9196\/revisions"}],"predecessor-version":[{"id":9198,"href":"https:\/\/blogs.florida.es\/floridauniversitariablog\/wp-json\/wp\/v2\/posts\/9196\/revisions\/9198"}],"wp:attachment":[{"href":"https:\/\/blogs.florida.es\/floridauniversitariablog\/wp-json\/wp\/v2\/media?parent=9196"}],"wp:term":[{"taxonomy":"category","embeddable":true,"href":"https:\/\/blogs.florida.es\/floridauniversitariablog\/wp-json\/wp\/v2\/categories?post=9196"},{"taxonomy":"post_tag","embeddable":true,"href":"https:\/\/blogs.florida.es\/floridauniversitariablog\/wp-json\/wp\/v2\/tags?post=9196"}],"curies":[{"name":"wp","href":"https:\/\/api.w.org\/{rel}","templated":true}]}}